{"id":325671,"date":"2025-08-17T21:10:11","date_gmt":"2025-08-17T21:10:11","guid":{"rendered":"https:\/\/www.europesays.com\/fr\/325671\/"},"modified":"2025-08-17T21:10:11","modified_gmt":"2025-08-17T21:10:11","slug":"apres-lechec-et-mat-de-poutine-face-a-trump-lue-deploie-ses-avengers-avec-zelensky-dans-le-bureau-ovale","status":"publish","type":"post","link":"https:\/\/www.europesays.com\/fr\/325671\/","title":{"rendered":"Apr\u00e8s l&rsquo;\u00e9chec et mat de Poutine face \u00e0 Trump, l&rsquo;UE d\u00e9ploie ses Avengers avec Zelensky dans le bureau ovale"},"content":{"rendered":"<p class=\"ap-StoryElement ap-StoryElement--mb js-paywall-target ap-StoryText\">Trump, press\u00e9 de tourner la page ukrainienne, face \u00e0 celui qui n&rsquo;a aucun int\u00e9r\u00eat \u00e0 le faire, n&rsquo;a arrach\u00e9 ni cessez-le-feu, ni concessions. Les menaces am\u00e9ricaines se sont \u00e9vapor\u00e9es face \u00e0 ce moment de v\u00e9rit\u00e9.<\/p>\n<p class=\"ap-StoryElement ap-StoryElement--mb ap-StoryText\">Nouvelle source d&rsquo;inqui\u00e9tude, toutefois : le narratif du Kremlin, qui d\u00e9crit Zelensky en fauteur de guerre et en emp\u00eacheur de faire la paix, est en voie d&rsquo;appropriation par\u2026 Washington. Suite au prochain \u00e9pisode, ce lundi, avec le retour de Zelensky dans le bureau ovale. <a href=\"https:\/\/www.dhnet.be\/actu\/monde\/2025\/08\/17\/guerre-en-ukraine-les-allies-de-kiev-se-reunissent-ce-dimanche-pour-evoquer-le-plan-de-paix-voulu-par-trump-KK3BZ4YJ6ZEOBBM5DDMX32RYJA\/\" target=\"_self\" rel=\"noopener\">On ne l&rsquo;y laissera plus seul : l&rsquo;Europe d\u00e9ploie ses Avengers pour l&rsquo;\u00e9pauler<\/a> (U. von der Leyen, E. Macron, F. Merz, G. Meloni,\u2026). Suffisant pour \u00e9viter un nouveau camouflet en mondiovision ?<\/p>\n","protected":false},"excerpt":{"rendered":"Trump, press\u00e9 de tourner la page ukrainienne, face \u00e0 celui qui n&rsquo;a aucun int\u00e9r\u00eat \u00e0 le faire, n&rsquo;a&hellip;\n","protected":false},"author":2,"featured_media":325672,"comment_status":"","ping_status":"","sticky":false,"template":"","format":"standard","meta":{"footnotes":""},"categories":[1586],"tags":[11,1777,674,1779,1011,27,12,25,1778,364,135],"class_list":{"0":"post-325671","1":"post","2":"type-post","3":"status-publish","4":"format-standard","5":"has-post-thumbnail","7":"category-europe","8":"tag-actualites","9":"tag-eu","10":"tag-europe","11":"tag-european-union","12":"tag-fr","13":"tag-france","14":"tag-news","15":"tag-republique-francaise","16":"tag-ue","17":"tag-union-europeenne","18":"tag-vladimir-poutine"},"share_on_mastodon":{"url":"https:\/\/pubeurope.com\/@fr\/115046162423683394","error":""},"_links":{"self":[{"href":"https:\/\/www.europesays.com\/fr\/wp-json\/wp\/v2\/posts\/325671","targetHints":{"allow":["GET"]}}],"collection":[{"href":"https:\/\/www.europesays.com\/fr\/wp-json\/wp\/v2\/posts"}],"about":[{"href":"https:\/\/www.europesays.com\/fr\/wp-json\/wp\/v2\/types\/post"}],"author":[{"embeddable":true,"href":"https:\/\/www.europesays.com\/fr\/wp-json\/wp\/v2\/users\/2"}],"replies":[{"embeddable":true,"href":"https:\/\/www.europesays.com\/fr\/wp-json\/wp\/v2\/comments?post=325671"}],"version-history":[{"count":0,"href":"https:\/\/www.europesays.com\/fr\/wp-json\/wp\/v2\/posts\/325671\/revisions"}],"wp:featuredmedia":[{"embeddable":true,"href":"https:\/\/www.europesays.com\/fr\/wp-json\/wp\/v2\/media\/325672"}],"wp:attachment":[{"href":"https:\/\/www.europesays.com\/fr\/wp-json\/wp\/v2\/media?parent=325671"}],"wp:term":[{"taxonomy":"category","embeddable":true,"href":"https:\/\/www.europesays.com\/fr\/wp-json\/wp\/v2\/categories?post=325671"},{"taxonomy":"post_tag","embeddable":true,"href":"https:\/\/www.europesays.com\/fr\/wp-json\/wp\/v2\/tags?post=325671"}],"curies":[{"name":"wp","href":"https:\/\/api.w.org\/{rel}","templated":true}]}}