{"id":325673,"date":"2025-08-17T21:11:12","date_gmt":"2025-08-17T21:11:12","guid":{"rendered":"https:\/\/www.europesays.com\/fr\/325673\/"},"modified":"2025-08-17T21:11:12","modified_gmt":"2025-08-17T21:11:12","slug":"lhommage-daudrey-crespo-mara-a-thierry-ardisson-pour-son-dernier-jt-de-lete-sur-tf1","status":"publish","type":"post","link":"https:\/\/www.europesays.com\/fr\/325673\/","title":{"rendered":"L\u2019hommage d\u2019Audrey Crespo-Mara \u00e0 Thierry Ardisson pour son dernier JT de l\u2019\u00e9t\u00e9 sur TF1"},"content":{"rendered":"<p>        <img decoding=\"async\" loading=\"lazy\" src=\"https:\/\/www.europesays.com\/fr\/wp-content\/uploads\/2025\/08\/9fa2ce9_upload-1-jyz9aidke0ps-capture-da-a-cran-2025-08-17-214547.png\"  width=\"728\" height=\"410\" alt=\"L\u2019hommage d\u2019Audrey Crespo-Mara \u00e0 Thierry Ardisson pour son dernier JT de l\u2019\u00e9t\u00e9 sur TF1, ce dimanche 17\u00a0ao\u00fbt.\"\/>  <\/p>\n<p>20\u00a0heures TF1<\/p>\n<p>L\u2019hommage d\u2019Audrey Crespo-Mara \u00e0 Thierry Ardisson pour son dernier JT de l\u2019\u00e9t\u00e9 sur TF1, ce dimanche 17\u00a0ao\u00fbt.<\/p>\n<p class=\"asset asset-text\">TELEVISION &#8211; Une \u00e9motion non contenue apr\u00e8s un \u00ab\u00a0\u00e9t\u00e9 douloureux\u00a0\u00bb. <a href=\"https:\/\/www.huffingtonpost.fr\/people\/article\/apres-la-mort-de-thierry-ardisson-son-epouse-audrey-crespo-mara-partage-le-texte-lu-lors-de-ses-obseques_252761.html\" target=\"_blank\" rel=\"noopener\">Audrey Crespo-Mara<\/a>, la femme de <a href=\"https:\/\/www.huffingtonpost.fr\/medias\/article\/thierry-ardisson-animateur-et-producteur-de-television-est-mort-a-l-age-de-76-ans_252564.html\" target=\"_blank\" rel=\"noopener\">Thierry Ardisson<\/a>, d\u00e9c\u00e9d\u00e9 le 14\u00a0juillet \u00e0 76\u00a0ans des suites d\u2019un<a href=\"https:\/\/www.huffingtonpost.fr\/life\/article\/les-maladies-liees-a-l-obesite-et-a-l-alcool-vont-augmenter-selon-cette-etude_180711.html\" target=\"_blank\" rel=\"noopener\">\u00a0cancer du foie<\/a>, pr\u00e9sentait ce dimanche 17\u00a0ao\u00fbt son dernier JT de TF1\u00a0du week-end. Elle avait \u00e9t\u00e9 d\u00e9sign\u00e9e pour remplacer Anne-Claire Coudray cet \u00e9t\u00e9.<\/p>\n<p class=\"asset asset-text\">La journaliste a fait ses adieux et a remerci\u00e9 les \u00e9quipes de TF1 ainsi que les t\u00e9l\u00e9spectateurs pour leur bienveillance apr\u00e8s la mort de son mari.<\/p>\n<p class=\"asset asset-text\"><strong>Comme vous pouvez l\u2019entendre dans la s\u00e9quence ci-dessous<\/strong>, Audrey Crespo-Mara a prononc\u00e9 ces quelques mots avec la voix bris\u00e9e\u00a0: \u00ab\u00a0Permettez-moi de remercier toutes celles et ceux qui \u00e0 TF1 m\u2019ont merveilleusement accompagn\u00e9e durant cet \u00e9t\u00e9 douloureux, de vous remercier pour votre fid\u00e9lit\u00e9 derri\u00e8re l\u2019\u00e9cran et ici \u00e0 TF1.\u00a0\u00bb Avant d\u2019ajouter\u00a0: \u00ab\u00a0vos attentions me vont droit au c\u0153ur, o\u00f9 se trouve l\u2019homme que vous connaissez et que j\u2019aime \u00e9perdument.\u00a0\u00bb<\/p>\n<p> La lecture de ce contenu est susceptible d\u2019entra\u00eener un d\u00e9p\u00f4t de cookies de la part de l\u2019op\u00e9rateur tiers qui l\u2019h\u00e9berge. Compte-tenu des choix que vous avez exprim\u00e9s en mati\u00e8re de d\u00e9p\u00f4t de cookies, nous avons bloqu\u00e9 l\u2019affichage de ce contenu. Si vous souhaitez y acc\u00e9der, vous devez accepter la cat\u00e9gorie de cookies \u201cContenus tiers\u201d en cliquant sur le bouton ci-dessous. <\/p>\n<p> Lire la Vid\u00e9o        <\/p>\n<p class=\"asset asset-text\">Le 25\u00a0juillet, lors de son premier journal sur TF1, Audrey Crespo-Mara avait d\u00e9j\u00e0 salu\u00e9 celles et ceux qui lui avaient apport\u00e9 un soutien pr\u00e9cieux\u00a0: \u00ab\u00a0merci \u00e0 vous pour vos messages si nombreux en hommage \u00e0 l\u2019homme en noir\u00a0\u00bb.<\/p>\n<p class=\"asset asset-text\">Audrey Crespo-Mara \u00e9tait d\u00e9j\u00e0 de retour \u00e0 l\u2019antenne dix jours apr\u00e8s la mort de son mari. \u00c9ric Monier, directeur de la r\u00e9daction de TF1, avait alors d\u00e9clar\u00e9 au Parisien\u00a0: \u00ab\u00a0C\u2019est elle qui a souhait\u00e9 revenir. Elle m\u2019a impressionn\u00e9 par son professionnalisme malgr\u00e9 l\u2019\u00e9preuve\u00a0\u00bb.<\/p>\n<p class=\"asset asset-text\">Deux jours apr\u00e8s la mort de Thierry Ardisson, La face cach\u00e9e de l\u2019homme en noir, le documentaire r\u00e9alis\u00e9 par Audrey\u00a0Crespo-Mara avait \u00e9t\u00e9 diffus\u00e9 sur TF1. \u00c9galement disponible sur la plateforme TF1+, le film d\u00e9roule en 1\u00a0h\u00a040 le parcours du producteur et l\u2019ex-animateur de\u00a0Tout le monde en parle.<\/p>\n","protected":false},"excerpt":{"rendered":"20\u00a0heures TF1 L\u2019hommage d\u2019Audrey Crespo-Mara \u00e0 Thierry Ardisson pour son dernier JT de l\u2019\u00e9t\u00e9 sur TF1, ce dimanche&hellip;\n","protected":false},"author":2,"featured_media":325674,"comment_status":"","ping_status":"","sticky":false,"template":"","format":"standard","meta":{"footnotes":""},"categories":[2],"tags":[32367,11,251,1011,27,46276,500,12,25,252,199,10058],"class_list":{"0":"post-325673","1":"post","2":"type-post","3":"status-publish","4":"format-standard","5":"has-post-thumbnail","7":"category-actualites","8":"tag-20-heures","9":"tag-actualites","10":"tag-culture","11":"tag-fr","12":"tag-france","13":"tag-jt-tf1","14":"tag-medias","15":"tag-news","16":"tag-republique-francaise","17":"tag-television","18":"tag-tf1","19":"tag-thierry-ardisson"},"share_on_mastodon":{"url":"https:\/\/pubeurope.com\/@fr\/115046166379157682","error":""},"_links":{"self":[{"href":"https:\/\/www.europesays.com\/fr\/wp-json\/wp\/v2\/posts\/325673","targetHints":{"allow":["GET"]}}],"collection":[{"href":"https:\/\/www.europesays.com\/fr\/wp-json\/wp\/v2\/posts"}],"about":[{"href":"https:\/\/www.europesays.com\/fr\/wp-json\/wp\/v2\/types\/post"}],"author":[{"embeddable":true,"href":"https:\/\/www.europesays.com\/fr\/wp-json\/wp\/v2\/users\/2"}],"replies":[{"embeddable":true,"href":"https:\/\/www.europesays.com\/fr\/wp-json\/wp\/v2\/comments?post=325673"}],"version-history":[{"count":0,"href":"https:\/\/www.europesays.com\/fr\/wp-json\/wp\/v2\/posts\/325673\/revisions"}],"wp:featuredmedia":[{"embeddable":true,"href":"https:\/\/www.europesays.com\/fr\/wp-json\/wp\/v2\/media\/325674"}],"wp:attachment":[{"href":"https:\/\/www.europesays.com\/fr\/wp-json\/wp\/v2\/media?parent=325673"}],"wp:term":[{"taxonomy":"category","embeddable":true,"href":"https:\/\/www.europesays.com\/fr\/wp-json\/wp\/v2\/categories?post=325673"},{"taxonomy":"post_tag","embeddable":true,"href":"https:\/\/www.europesays.com\/fr\/wp-json\/wp\/v2\/tags?post=325673"}],"curies":[{"name":"wp","href":"https:\/\/api.w.org\/{rel}","templated":true}]}}