{"id":325679,"date":"2025-08-17T21:14:10","date_gmt":"2025-08-17T21:14:10","guid":{"rendered":"https:\/\/www.europesays.com\/fr\/325679\/"},"modified":"2025-08-17T21:14:10","modified_gmt":"2025-08-17T21:14:10","slug":"coupe-canada-victoriaville-fenergic-une-lutte-serree-au-classement","status":"publish","type":"post","link":"https:\/\/www.europesays.com\/fr\/325679\/","title":{"rendered":"Coupe Canada Victoriaville-Fenergic: une lutte serr\u00e9e au classement"},"content":{"rendered":"<p>La tension monte d\u2019un cran au Club de golf Victoriaville \u00e0 l\u2019issue de la troisi\u00e8me ronde de la Coupe Canada Victoriaville\u2013Fenergic, alors que le tableau des meneurs demeure extr\u00eamement serr\u00e9. Avec une seule ronde \u00e0 jouer et des dizaines de golfeurs encore math\u00e9matiquement dans la course, tout indique que la grande finale de dimanche s\u2019annonce palpitante.<\/p>\n<p>En signant une solide ronde de -7 (65) sur un parcours une fois de plus rapide et exigeant, Joey Savoie conserve la t\u00eate du classement g\u00e9n\u00e9ral avec un pointage cumulatif de -20, ce qui lui permet d\u2019avoir une avance de quatre coups sur les plus proches concurrents. Le joueur qu\u00e9b\u00e9cois, auteur de sept oiselets et aucun bogey, a d\u00e9montr\u00e9 une constance remarquable du tertre jusqu\u2019aux verts.<\/p>\n<p>\u201cJe suis tr\u00e8s satisfait de ma performance sur les verts. J\u2019ai fait plusieurs bons up and down. Quelques b\u00e9vues sur la frappe de balle, mais qui ne m\u2019ont pas co\u00fbt\u00e9 rien aujourd\u2019hui\u201d, explique le meneur.<\/p>\n<p>Derri\u00e8re Savoie, le peloton de chasse s\u2019est consid\u00e9rablement resserr\u00e9. Pas moins de trois joueurs se trouvent \u00e0 -16 et trois autres \u00e0 -15. Des performances notables ont marqu\u00e9 la journ\u00e9e, notamment Brendan Leonard qui a inscrit une ronde de -6 (66), lui permettant de grimper de sept positions au classement.<\/p>\n<p><b>Les Qu\u00e9b\u00e9cois en force<\/b><\/p>\n<p>Pour la ronde finale du dimanche, le dernier groupe de meneurs sera compos\u00e9 de trois repr\u00e9sentants qu\u00e9b\u00e9cois, Joey Savoie, Brandon Lacasse et Marc-Olivier Plasse. Brandon et Marc-Olivier ont su garder leur calme tout au long de la ronde, inscrivant des scores respectifs de -4 (68) et -3 (69), leur permettant de rester dans la course au troph\u00e9e.<\/p>\n<p><b>La rel\u00e8ve impressionne aussi<\/b><\/p>\n<p>C\u00f4t\u00e9 amateurs, la lutte reste tout aussi captivante dans la course au troph\u00e9e Subway, d\u00e9cern\u00e9 au meilleur amateur du tournoi. Alexandre Mercier\u00a0poursuit sa belle s\u00e9quence, -6 au total. Il devance de peu William Boudreault (-5), dans ce qui s\u2019annonce \u00eatre une finale tr\u00e8s disput\u00e9e.<\/p>\n<p>Cette pr\u00e9sence d\u2019amateurs talentueux parmi les professionnels confirme une fois de plus la pertinence du tournoi comme plateforme de d\u00e9veloppement pour la rel\u00e8ve du golf canadien.<\/p>\n","protected":false},"excerpt":{"rendered":"La tension monte d\u2019un cran au Club de golf Victoriaville \u00e0 l\u2019issue de la troisi\u00e8me ronde de la&hellip;\n","protected":false},"author":2,"featured_media":325680,"comment_status":"","ping_status":"","sticky":false,"template":"","format":"standard","meta":{"footnotes":""},"categories":[1418],"tags":[1011,27,1472,60],"class_list":{"0":"post-325679","1":"post","2":"type-post","3":"status-publish","4":"format-standard","5":"has-post-thumbnail","7":"category-golf","8":"tag-fr","9":"tag-france","10":"tag-golf","11":"tag-sports"},"share_on_mastodon":{"url":"https:\/\/pubeurope.com\/@fr\/115046178125548864","error":""},"_links":{"self":[{"href":"https:\/\/www.europesays.com\/fr\/wp-json\/wp\/v2\/posts\/325679","targetHints":{"allow":["GET"]}}],"collection":[{"href":"https:\/\/www.europesays.com\/fr\/wp-json\/wp\/v2\/posts"}],"about":[{"href":"https:\/\/www.europesays.com\/fr\/wp-json\/wp\/v2\/types\/post"}],"author":[{"embeddable":true,"href":"https:\/\/www.europesays.com\/fr\/wp-json\/wp\/v2\/users\/2"}],"replies":[{"embeddable":true,"href":"https:\/\/www.europesays.com\/fr\/wp-json\/wp\/v2\/comments?post=325679"}],"version-history":[{"count":0,"href":"https:\/\/www.europesays.com\/fr\/wp-json\/wp\/v2\/posts\/325679\/revisions"}],"wp:featuredmedia":[{"embeddable":true,"href":"https:\/\/www.europesays.com\/fr\/wp-json\/wp\/v2\/media\/325680"}],"wp:attachment":[{"href":"https:\/\/www.europesays.com\/fr\/wp-json\/wp\/v2\/media?parent=325679"}],"wp:term":[{"taxonomy":"category","embeddable":true,"href":"https:\/\/www.europesays.com\/fr\/wp-json\/wp\/v2\/categories?post=325679"},{"taxonomy":"post_tag","embeddable":true,"href":"https:\/\/www.europesays.com\/fr\/wp-json\/wp\/v2\/tags?post=325679"}],"curies":[{"name":"wp","href":"https:\/\/api.w.org\/{rel}","templated":true}]}}