{"id":325681,"date":"2025-08-17T21:15:13","date_gmt":"2025-08-17T21:15:13","guid":{"rendered":"https:\/\/www.europesays.com\/fr\/325681\/"},"modified":"2025-08-17T21:15:13","modified_gmt":"2025-08-17T21:15:13","slug":"wilkerson-et-humana-paredes-en-finale","status":"publish","type":"post","link":"https:\/\/www.europesays.com\/fr\/325681\/","title":{"rendered":"Wilkerson et Humana-Paredes en finale"},"content":{"rendered":"<p><strong>Les Canadiennes Brandie Wilkerson et Melissa Humana-Paredes ont atteint la finale f\u00e9minine du volet montr\u00e9alais du Beach Pro Tour Elite 16, dimanche en matin\u00e9e.<\/strong>\u00a0<\/p>\n<p>Pour ce faire, elles ont battu les deux Br\u00e9siliennes qui les avaient vaincues pour la m\u00e9daille d\u2019or lors des Jeux de Paris, l\u2019\u00e9t\u00e9 dernier : Ana Patricia Silva Ramos et Eduarda Santos Lisboa.<\/p>\n<p class=\"toreadalso-fromEMP\"><strong>\u2022 \u00c0 lire aussi: <\/strong><a href=\"http:\/\/www.tvasports.ca\/2025\/08\/16\/beach-pro-tour--une-reprise-de-la-finale-olympique-a-montreal\" target=\"a834eb4f-1945-478b-bf61-07f58a1dde75\" rel=\"nofollow noopener\"><strong>Beach Pro Tour : une reprise de la finale olympique \u00e0 Montr\u00e9al<\/strong><\/a><\/p>\n<p class=\"toreadalso-fromEMP\"><strong>\u2022 \u00c0 lire aussi: <\/strong><a href=\"http:\/\/www.tvasports.ca\/2025\/08\/15\/montreal-beach-pro-tour--belanger-et-monkhouse-stoppees-dans-leur-elan\" target=\"e8369c6e-d6ff-4e7e-8076-97f2757cd9ed\" rel=\"nofollow noopener\"><strong>Montr\u00e9al Beach Pro Tour : B\u00e9langer et Monkhouse stopp\u00e9es dans leur \u00e9lan<\/strong><\/a><\/p>\n<p>Les Canadiennes se sont impos\u00e9es 21-11 et 22-20.<\/p>\n<p>Sous la pluie, Wilkerson et Humana-Paredes ont jou\u00e9 avec beaucoup d\u2019aplomb et les Br\u00e9siliennes n\u2019avaient pas tellement de r\u00e9ponse.<\/p>\n<p>Les deux joueuses canadiennes affronteront en finale les Allemandes Svenja M\u00fcller et Cinja Tillmann.<\/p>\n<p>Elles tenteront d\u2019obtenir un nouveau titre \u00e0 Montr\u00e9al apr\u00e8s celui obtenu en 2023.<\/p>\n<p>La finale aura lieu dimanche en soir\u00e9e.<\/p>\n<p>En collaboration avec nos partenaires<\/p>\n","protected":false},"excerpt":{"rendered":"Les Canadiennes Brandie Wilkerson et Melissa Humana-Paredes ont atteint la finale f\u00e9minine du volet montr\u00e9alais du Beach Pro&hellip;\n","protected":false},"author":2,"featured_media":325105,"comment_status":"","ping_status":"","sticky":false,"template":"","format":"standard","meta":{"footnotes":""},"categories":[1417],"tags":[1011,27,60,1470,1469],"class_list":{"0":"post-325681","1":"post","2":"type-post","3":"status-publish","4":"format-standard","5":"has-post-thumbnail","7":"category-volley","8":"tag-fr","9":"tag-france","10":"tag-sports","11":"tag-volley","12":"tag-volleyball"},"share_on_mastodon":{"url":"https:\/\/pubeurope.com\/@fr\/115046182043535303","error":""},"_links":{"self":[{"href":"https:\/\/www.europesays.com\/fr\/wp-json\/wp\/v2\/posts\/325681","targetHints":{"allow":["GET"]}}],"collection":[{"href":"https:\/\/www.europesays.com\/fr\/wp-json\/wp\/v2\/posts"}],"about":[{"href":"https:\/\/www.europesays.com\/fr\/wp-json\/wp\/v2\/types\/post"}],"author":[{"embeddable":true,"href":"https:\/\/www.europesays.com\/fr\/wp-json\/wp\/v2\/users\/2"}],"replies":[{"embeddable":true,"href":"https:\/\/www.europesays.com\/fr\/wp-json\/wp\/v2\/comments?post=325681"}],"version-history":[{"count":0,"href":"https:\/\/www.europesays.com\/fr\/wp-json\/wp\/v2\/posts\/325681\/revisions"}],"wp:featuredmedia":[{"embeddable":true,"href":"https:\/\/www.europesays.com\/fr\/wp-json\/wp\/v2\/media\/325105"}],"wp:attachment":[{"href":"https:\/\/www.europesays.com\/fr\/wp-json\/wp\/v2\/media?parent=325681"}],"wp:term":[{"taxonomy":"category","embeddable":true,"href":"https:\/\/www.europesays.com\/fr\/wp-json\/wp\/v2\/categories?post=325681"},{"taxonomy":"post_tag","embeddable":true,"href":"https:\/\/www.europesays.com\/fr\/wp-json\/wp\/v2\/tags?post=325681"}],"curies":[{"name":"wp","href":"https:\/\/api.w.org\/{rel}","templated":true}]}}