{"id":325682,"date":"2025-08-17T21:16:10","date_gmt":"2025-08-17T21:16:10","guid":{"rendered":"https:\/\/www.europesays.com\/fr\/325682\/"},"modified":"2025-08-17T21:16:10","modified_gmt":"2025-08-17T21:16:10","slug":"fabien-galthie-a-assiste-au-premier-match-de-son-fils-sous-les-couleurs-de-brive","status":"publish","type":"post","link":"https:\/\/www.europesays.com\/fr\/325682\/","title":{"rendered":"Fabien Galthi\u00e9 a assist\u00e9 au premier match de son fils sous les couleurs de Brive"},"content":{"rendered":"<p>Le s\u00e9lectionneur du XV de France, Fabien Galthi\u00e9 profite actuellement de quelques semaines de vacances suite \u00e0 la Tourn\u00e9e estivale des Bleus en Nouvelle-Z\u00e9lande.<\/p>\n<p>Le technicien Fran\u00e7ais a profit\u00e9 de ses vacances pour assister au premier match de son fils Mathis sous ses nouvelles couleurs : le CA Brive.<\/p>\n<p>Arriv\u00e9 \u00e0 Brive cet \u00e9t\u00e9 en provenance de Colomiers, le demi-de-m\u00eal\u00e9e Mathis Galthi\u00e9 compte bien s\u2019imposer au CAB.<\/p>\n<p>Pour rappel, le CA Brive s\u2019est inclin\u00e9 contre le Racing 92, sur le score de 28 \u00e0 7.<\/p>\n","protected":false},"excerpt":{"rendered":"Le s\u00e9lectionneur du XV de France, Fabien Galthi\u00e9 profite actuellement de quelques semaines de vacances suite \u00e0 la&hellip;\n","protected":false},"author":2,"featured_media":325683,"comment_status":"","ping_status":"","sticky":false,"template":"","format":"standard","meta":{"footnotes":""},"categories":[1416],"tags":[1011,27,479,1468,60],"class_list":{"0":"post-325682","1":"post","2":"type-post","3":"status-publish","4":"format-standard","5":"has-post-thumbnail","7":"category-rugby","8":"tag-fr","9":"tag-france","10":"tag-rugby","11":"tag-rugby-football","12":"tag-sports"},"share_on_mastodon":{"url":"https:\/\/pubeurope.com\/@fr\/115046185959588016","error":""},"_links":{"self":[{"href":"https:\/\/www.europesays.com\/fr\/wp-json\/wp\/v2\/posts\/325682","targetHints":{"allow":["GET"]}}],"collection":[{"href":"https:\/\/www.europesays.com\/fr\/wp-json\/wp\/v2\/posts"}],"about":[{"href":"https:\/\/www.europesays.com\/fr\/wp-json\/wp\/v2\/types\/post"}],"author":[{"embeddable":true,"href":"https:\/\/www.europesays.com\/fr\/wp-json\/wp\/v2\/users\/2"}],"replies":[{"embeddable":true,"href":"https:\/\/www.europesays.com\/fr\/wp-json\/wp\/v2\/comments?post=325682"}],"version-history":[{"count":0,"href":"https:\/\/www.europesays.com\/fr\/wp-json\/wp\/v2\/posts\/325682\/revisions"}],"wp:featuredmedia":[{"embeddable":true,"href":"https:\/\/www.europesays.com\/fr\/wp-json\/wp\/v2\/media\/325683"}],"wp:attachment":[{"href":"https:\/\/www.europesays.com\/fr\/wp-json\/wp\/v2\/media?parent=325682"}],"wp:term":[{"taxonomy":"category","embeddable":true,"href":"https:\/\/www.europesays.com\/fr\/wp-json\/wp\/v2\/categories?post=325682"},{"taxonomy":"post_tag","embeddable":true,"href":"https:\/\/www.europesays.com\/fr\/wp-json\/wp\/v2\/tags?post=325682"}],"curies":[{"name":"wp","href":"https:\/\/api.w.org\/{rel}","templated":true}]}}