{"id":325685,"date":"2025-08-17T21:19:10","date_gmt":"2025-08-17T21:19:10","guid":{"rendered":"https:\/\/www.europesays.com\/fr\/325685\/"},"modified":"2025-08-17T21:19:10","modified_gmt":"2025-08-17T21:19:10","slug":"motogp-autriche-j3-joan-mir-honda-6-decroche-son-meilleur-resultat-de-la-saison-faire-plus-etait-impossible","status":"publish","type":"post","link":"https:\/\/www.europesays.com\/fr\/325685\/","title":{"rendered":"MotoGP, Autriche J3, Joan Mir (Honda\/6) d\u00e9croche son meilleur r\u00e9sultat de la saison : \u00ab\u00a0Faire plus \u00e9tait impossible\u00a0\u00bb"},"content":{"rendered":"<p><strong>Joan Mir est enfin venu \u00e0 bout de sa malchance ce<br \/>\ndimanche et a d\u00e9croch\u00e9 son meilleur r\u00e9sultat de la<br \/>\nsaison.<\/strong><\/p>\n<p>Apr\u00e8s sept courses faites de malchance, o\u00f9 il a \u00e9t\u00e9 percut\u00e9 par<br \/>\nd\u2019autres pilotes ou a commis des erreurs, <strong>Joan Mir<\/strong><br \/>\na vu son travail r\u00e9compens\u00e9 en d\u00e9crochant son meilleur r\u00e9sultat de<br \/>\nla saison, et son deuxi\u00e8me avec Honda.<\/p>\n<p><a href=\"https:\/\/www.paddock-gp.com\/motogp-autriche-j2-joan-mir-honda-q10-s13-impacte-par-lincident-du-depart-jai-du-reagir-pour-eviter-de-le-rendre-encore-plus-chaotique\/\" target=\"_blank\" rel=\"noopener\">Ayant \u00e9t\u00e9 impact\u00e9 par l\u2019\u00e9norme<br \/>\nglisse de Francesco Bagnaia hier au d\u00e9part de la course sprint<\/a>,<br \/>\nil s\u2019\u00e9tait retrouv\u00e9 en fond de classement et n\u2019avait pu remonter<br \/>\nque jusqu\u2019au 13e rang. Aujourd\u2019hui, il n\u2019a cette fois connu aucun<br \/>\nincident et a pris un bon d\u00e9part, durant lequel il s\u2019est maintenu \u00e0<br \/>\nla dixi\u00e8me place avant de remonter tour apr\u00e8s tour.<\/p>\n<p>En fin de course, il s\u2019est battu avec Brad Binder et Francesco<br \/>\nBagnaia, et est parvenu \u00e0 avoir le dernier mot sur les deux hommes<br \/>\npour s\u2019emparer de la sixi\u00e8me place. Un r\u00e9sultat qui fait du bien au<br \/>\nmoral apr\u00e8s une premi\u00e8re partie de saison extr\u00eamement compliqu\u00e9e,<br \/>\net qui donne de l\u2019espoir \u00e0 l\u2019Espagnol pour la deuxi\u00e8me partie.<\/p>\n<p><img loading=\"lazy\" decoding=\"async\" class=\"aligncenter size-full wp-image-1320129\" src=\"https:\/\/www.europesays.com\/fr\/wp-content\/uploads\/2025\/08\/68a1e74052e059.58068206.jpg\" alt=\"Joan Mir Autriche\" width=\"800\" height=\"533\"  \/><\/p>\n<p>\u00ab\u00a0C\u2019est certain que ce r\u00e9sultat m\u2019apporte beaucoup de<br \/>\nconfiance, \u00e7a fait du bien et j\u2019en suis content. \u00c7a va m\u2019aider \u00e0<br \/>\naffronter les prochaines courses. Pour l\u2019instant on profite du<br \/>\nmoment. \u00c7a signifie qu\u2019on n\u2019est pas si loin. La derni\u00e8re fois que<br \/>\nje me suis senti comme \u00e7a c\u2019\u00e9tait en Aragon, parce que depuis on a<br \/>\neu beaucoup de malchance. C\u2019\u00e9tait une course amusante, avec une<br \/>\nsuper belle bagarre \u00e0 la fin. J\u2019ai juste essay\u00e9 de rester constant<br \/>\net de rattraper Bagnaia et Binder\u00a0\u00bb, a-t-il d\u00e9clar\u00e9.<\/p>\n<p>\u00ab\u00a0Aujourd\u2019hui on s\u2019est donn\u00e9s \u00e0 110% dans cette course.<br \/>\nHonn\u00eatement je suis content parce que je pense que c\u2019est ma<br \/>\nposition r\u00e9aliste au classement. Je l\u2019avais vu d\u00e8s les essais<br \/>\nlibres et en qualifications. Si je r\u00e9ussis \u00e0 piloter comme je le<br \/>\nsouhaite ce r\u00e9sultat est possible. Faire plus \u00e9tait en revanche<br \/>\nimpossible. J\u2019ai vraiment lutt\u00e9 mais on voit nos<br \/>\nlimites.\u00a0\u00bb<\/p>\n<p>\u00ab\u00a0Dans l\u2019ensemble on peut quand m\u00eame \u00eatre satisfaits de<br \/>\nce r\u00e9sultat. Merci \u00e0 toute l\u2019\u00e9quipe pour avoir si bien travaill\u00e9<br \/>\ntout au long du week-end, c\u2019est ce qui nous aide \u00e0 \u00eatre l\u00e0. C\u2019est<br \/>\nune super fa\u00e7on de reprendre apr\u00e8s la pause<br \/>\nestivale.\u00a0\u00bb<\/p>\n<p><strong>R\u00e9sultats du Grand Prix d\u2019Autriche<\/strong><\/p>\n<p><img loading=\"lazy\" decoding=\"async\" class=\"aligncenter size-full wp-image-1319936\" src=\"https:\/\/www.europesays.com\/fr\/wp-content\/uploads\/2025\/08\/gp.jpg\" alt=\"\" width=\"800\" height=\"981\"  \/><\/p>\n<p>Cr\u00e9dit classement : <a href=\"https:\/\/www.motogp.com\/fr\" target=\"_blank\" rel=\"noopener\">MotoGP.com<\/a><\/p>\n","protected":false},"excerpt":{"rendered":"Joan Mir est enfin venu \u00e0 bout de sa malchance ce dimanche et a d\u00e9croch\u00e9 son meilleur r\u00e9sultat&hellip;\n","protected":false},"author":2,"featured_media":325686,"comment_status":"","ping_status":"","sticky":false,"template":"","format":"standard","meta":{"footnotes":""},"categories":[1413],"tags":[1011,27,1457,1456,60],"class_list":{"0":"post-325685","1":"post","2":"type-post","3":"status-publish","4":"format-standard","5":"has-post-thumbnail","7":"category-moto","8":"tag-fr","9":"tag-france","10":"tag-moto","11":"tag-motocycle","12":"tag-sports"},"share_on_mastodon":{"url":"https:\/\/pubeurope.com\/@fr\/115046197876713102","error":""},"_links":{"self":[{"href":"https:\/\/www.europesays.com\/fr\/wp-json\/wp\/v2\/posts\/325685","targetHints":{"allow":["GET"]}}],"collection":[{"href":"https:\/\/www.europesays.com\/fr\/wp-json\/wp\/v2\/posts"}],"about":[{"href":"https:\/\/www.europesays.com\/fr\/wp-json\/wp\/v2\/types\/post"}],"author":[{"embeddable":true,"href":"https:\/\/www.europesays.com\/fr\/wp-json\/wp\/v2\/users\/2"}],"replies":[{"embeddable":true,"href":"https:\/\/www.europesays.com\/fr\/wp-json\/wp\/v2\/comments?post=325685"}],"version-history":[{"count":0,"href":"https:\/\/www.europesays.com\/fr\/wp-json\/wp\/v2\/posts\/325685\/revisions"}],"wp:featuredmedia":[{"embeddable":true,"href":"https:\/\/www.europesays.com\/fr\/wp-json\/wp\/v2\/media\/325686"}],"wp:attachment":[{"href":"https:\/\/www.europesays.com\/fr\/wp-json\/wp\/v2\/media?parent=325685"}],"wp:term":[{"taxonomy":"category","embeddable":true,"href":"https:\/\/www.europesays.com\/fr\/wp-json\/wp\/v2\/categories?post=325685"},{"taxonomy":"post_tag","embeddable":true,"href":"https:\/\/www.europesays.com\/fr\/wp-json\/wp\/v2\/tags?post=325685"}],"curies":[{"name":"wp","href":"https:\/\/api.w.org\/{rel}","templated":true}]}}