{"id":325687,"date":"2025-08-17T21:20:07","date_gmt":"2025-08-17T21:20:07","guid":{"rendered":"https:\/\/www.europesays.com\/fr\/325687\/"},"modified":"2025-08-17T21:20:07","modified_gmt":"2025-08-17T21:20:07","slug":"ligue-1-un-petard-explose-pres-dun-jeune-ramasseur-de-balle-lors-de-metz-strasbourg-frayeur-pour-ladolescent-le-figaro","status":"publish","type":"post","link":"https:\/\/www.europesays.com\/fr\/325687\/","title":{"rendered":"Ligue 1 : un p\u00e9tard explose pr\u00e8s d&#039;un jeune ramasseur de balle lors de Metz-Strasbourg, frayeur pour l&#039;adolescent &#8211; Le Figaro"},"content":{"rendered":"<ol>\n<li><a href=\"https:\/\/news.google.com\/rss\/articles\/CBMi-wFBVV95cUxNOC1BZUpyeTE2ZGZPVUJvZXZwZ1JMN3FWZ2JjUHR6ZndUM0ctSEZRcGlUSWdRWFdBQmtscTBma1hjZzVmdEhnZlJEbVhEUk8xY2FyX0s4a3JDeHJMd1BTRXA1NmhmeUtYVGJ3VVlrRHowNXgtZ1ZqQzY2a25pY1k4bjJIVFFJX0Z0UXJEdXJCZ0Rycmt2dm1PTGthS0RhbWlFbEd3X09hZmx2VzU4VU04YWdsWmYwVkp5bzBPemN1UnlWVjg2NnhmeDVyWG9tTHRBSi00MGdCcTJWV0xMTUgtMFdjbXRKaW1qVmg1eUEyTFhUMzg1VWVMTXBfbw?oc=5\" target=\"_blank\" rel=\"nofollow noopener\">Ligue 1 : un p\u00e9tard explose pr\u00e8s d&rsquo;un jeune ramasseur de balle lors de Metz-Strasbourg, frayeur pour l&rsquo;adolescent<\/a>&nbsp;&nbsp;Le Figaro<\/li>\n<li><a href=\"https:\/\/news.google.com\/rss\/articles\/CBMi4AFBVV95cUxQVVVNOVpSTDhuZnFHb0wwWVp6aHVlUVlYXzJPLXlGZzFvaFdKZVlmR0F0bWxTVlExME5Eam1sZU8tQ1NqVEtlTWk0MTk1c2pXaWNPNWtYNHZwYkhNYkxGc0RVRDZDaEhoaVpENk52R0lKTWtTNkEtM2xPTk12N0p3bHFKY1oxZTh5RG9GclJ1OHd3bWpoT20wQ3o0VG01MkRzSndIcHNoUDk3bnk1QXVudTIwS05JSjcwLUo1RWM2TS1XaVV1a18wUkUyeDNPV0NYRzNPdUtnNDVuOUZUcTU2VQ?oc=5\" target=\"_blank\" rel=\"nofollow noopener\">Un p\u00e9tard jet\u00e9 d&rsquo;une tribune a explos\u00e9 pr\u00e8s d&rsquo;un jeune ramasseur de balle du FC Metz<\/a>&nbsp;&nbsp;L&rsquo;\u00c9quipe<\/li>\n<li><a href=\"https:\/\/news.google.com\/rss\/articles\/CBMihwJBVV95cUxOcTEzWGFTT0FxWFEzRU1kLV9sUWQwLTVpanBvaFgzLTFuQmxiamlLdV9PcU9kd0ZHV0JTNDhtZGVJUjhDTmdHYUZTS0dWUWhhTkdZd1haRHhfalN4aWJ4UmFaRDhqRFF5Rm8wTld3cXU0WGxBR0pGVlplcFZVUk5yYW1FLTVuNFd0eXp6S3dYOV9XZU5UTDFhaFhpUTE1UG85T1U0bTduRjhNYnNxR0hVbkQ5Z2FzWDhROEFhUTNZWTlfNG15NEUyTGpadmFmUFRwcTNGRHdVOC1yY3h3UUdlbVpIQW5NOEhxS3RSVXY4R1ZxNzVzVGdJUUtMVFg0UUVFYUx0djNxTQ?oc=5\" target=\"_blank\" rel=\"nofollow noopener\">Metz-Strasbourg: belle frayeur pour un jeune ramasseur de balle, \u00e9vacu\u00e9 apr\u00e8s un jet de p\u00e9tard au bord du terrain<\/a>&nbsp;&nbsp;RMC Sport<\/li>\n<li><a href=\"https:\/\/news.google.com\/rss\/articles\/CBMiggJBVV95cUxPalJCTTR3QXNVS0xLY1VzRHVtaXlkQjRJcS02WlJ6ZkhFM0FFOUM2dEt4XzR1WGFtYm9DbXdmVndWWl9GaFMxV3BnMG5iTjZ3SVh0QVNmbFdvZVBFSTBwTXpUZHEtVm54dndSdkhqdWpnbTU1WDFURGZyNm5IVFYzcEVDZi1zWktVSkZpdVlXU2FGNlhKVVduTnlVbHVfQTQyMjg0TkxKYU5mVDVRSmZzTF9zeDlHZzlSWHJyVFg4cHBpNWc3WW9zMlBzQnNtNm5Rc3U1eWtNeWh4LURsTmI4WDVtUzVNZWlJanFPREpuelpUU1VBVE55Q0xYZjFsdjUyeEE?oc=5\" target=\"_blank\" rel=\"nofollow noopener\">Ligue 1. Un p\u00e9tard explose pr\u00e8s d\u2019un ramasseur de balle lors du match entre Metz et Strasbourg<\/a>&nbsp;&nbsp;Ouest-France<\/li>\n<li><a href=\"https:\/\/news.google.com\/rss\/articles\/CBMi7gFBVV95cUxOaDVzZGtJalBWZkwxWF9ucHV2QVJ2OVNiX1RVUjBtTmZHUnBQdFpPaDRfc0NTTWRfZ0JmbkhPTF9HWEcwTzJTUHgwRjhrTTVWVW56RHRUZmFwUllvamRfRFVRUVJ3SnVzVEctRmhxUUQ2eGRwUE1vT0NkNkNFUEZTeW03eHRmVUF0TDR2RG5FV0JmamJCWlFXNVBJLUVvdHhmWG5kWk1sSU5pSUZnZUtkM1pLN2xEbWozLXBUdTkxZU94NzBla1ZuMzVIOFpJNVY4RERlMzJpbHBXQVI1NW9oYjYxVXNwR0J4amNWRUFB?oc=5\" target=\"_blank\" rel=\"nofollow noopener\">Un p\u00e9tard jet\u00e9 du parcage strasbourgeois a explos\u00e9 pr\u00e8s d&rsquo;un jeune ramasseur de balle du FC Metz<\/a>&nbsp;&nbsp;MSN<\/li>\n<\/ol>\n","protected":false},"excerpt":{"rendered":"Ligue 1 : un p\u00e9tard explose pr\u00e8s d&rsquo;un jeune ramasseur de balle lors de Metz-Strasbourg, frayeur pour l&rsquo;adolescent&nbsp;&nbsp;Le&hellip;\n","protected":false},"author":2,"featured_media":1445,"comment_status":"","ping_status":"","sticky":false,"template":"","format":"standard","meta":{"footnotes":""},"categories":[1412],"tags":[1451,1452,1453,1454,1455,1011,27,60],"class_list":{"0":"post-325687","1":"post","2":"type-post","3":"status-publish","4":"format-standard","5":"has-post-thumbnail","7":"category-f1","8":"tag-f1","9":"tag-formula-1","10":"tag-formula1","11":"tag-formule-1","12":"tag-formule1","13":"tag-fr","14":"tag-france","15":"tag-sports"},"share_on_mastodon":{"url":"https:\/\/pubeurope.com\/@fr\/115046201671572382","error":""},"_links":{"self":[{"href":"https:\/\/www.europesays.com\/fr\/wp-json\/wp\/v2\/posts\/325687","targetHints":{"allow":["GET"]}}],"collection":[{"href":"https:\/\/www.europesays.com\/fr\/wp-json\/wp\/v2\/posts"}],"about":[{"href":"https:\/\/www.europesays.com\/fr\/wp-json\/wp\/v2\/types\/post"}],"author":[{"embeddable":true,"href":"https:\/\/www.europesays.com\/fr\/wp-json\/wp\/v2\/users\/2"}],"replies":[{"embeddable":true,"href":"https:\/\/www.europesays.com\/fr\/wp-json\/wp\/v2\/comments?post=325687"}],"version-history":[{"count":0,"href":"https:\/\/www.europesays.com\/fr\/wp-json\/wp\/v2\/posts\/325687\/revisions"}],"wp:featuredmedia":[{"embeddable":true,"href":"https:\/\/www.europesays.com\/fr\/wp-json\/wp\/v2\/media\/1445"}],"wp:attachment":[{"href":"https:\/\/www.europesays.com\/fr\/wp-json\/wp\/v2\/media?parent=325687"}],"wp:term":[{"taxonomy":"category","embeddable":true,"href":"https:\/\/www.europesays.com\/fr\/wp-json\/wp\/v2\/categories?post=325687"},{"taxonomy":"post_tag","embeddable":true,"href":"https:\/\/www.europesays.com\/fr\/wp-json\/wp\/v2\/tags?post=325687"}],"curies":[{"name":"wp","href":"https:\/\/api.w.org\/{rel}","templated":true}]}}