{"id":325688,"date":"2025-08-17T21:21:11","date_gmt":"2025-08-17T21:21:11","guid":{"rendered":"https:\/\/www.europesays.com\/fr\/325688\/"},"modified":"2025-08-17T21:21:11","modified_gmt":"2025-08-17T21:21:11","slug":"apres-une-longue-traversee-du-desert-christophe-laporte-a-retrouve-la-competition","status":"publish","type":"post","link":"https:\/\/www.europesays.com\/fr\/325688\/","title":{"rendered":"apr\u00e8s une longue travers\u00e9e du d\u00e9sert, Christophe Laporte a retrouv\u00e9 la comp\u00e9tition"},"content":{"rendered":"<p>\u00c9cart\u00e9 du peloton mondial pendant presque un an en raison d\u2019un virus, le m\u00e9daill\u00e9 de bronze des JO 2024 \u00e9tait align\u00e9 sur la classique de Hambourg ce dimanche.<\/p>\n<p class=\"fig-paragraph\">Enfin le bout du tunnel. \u00c9loign\u00e9 du peloton mondial durant de longs mois, Christophe Laporte a retrouv\u00e9 la comp\u00e9tition ce dimanche, se classant 89e de la \u00abCyclassics Hamburg\u00bb,<a href=\"http:\/\/www.lefigaro.fr\/sports\/cyclisme\/cyclisme-a-la-surprise-generale-l-irlandais-rory-townsend-s-offre-la-classique-de-hambourg-20250817\" target=\"_blank\" data-fig-type=\"NewsFlash\" rel=\"noopener nofollow\" data-gtm-custom-categorie=\"navigation\" data-gtm-custom-action=\"crossclick\" data-gtm-custom-label=\"Contextuel\" data-gtm-event=\"customEventSPE\" data-fig-domain=\"LEFIGARO\">\u00a0remport\u00e9e \u00e0 la surprise g\u00e9n\u00e9rale par l\u2019Irlandais Rory Townsend.<\/a>\u00a0Le m\u00e9daill\u00e9 de bronze de la course en ligne des Jeux olympiques de Paris laisse derri\u00e8re lui une infection, un cytom\u00e9galovirus, qui l\u2019avait terriblement diminu\u00e9 depuis le d\u00e9but de l\u2019ann\u00e9e.<\/p>\n<p class=\"fig-paragraph\">\u00abLe plus important pour moi, c\u2019est simplement de remonter sur mon v\u00e9lo et de ne plus suivre l\u2019\u00e9quipe uniquement \u00e0 la t\u00e9l\u00e9vision.\u00a0<a href=\"http:\/\/www.lefigaro.fr\/sports\/cyclisme\/cyclisme-je-n-avais-jamais-rien-vecu-de-tel-apres-dix-mois-de-galeres-christophe-laporte-en-bronze-aux-jo-2024-retrouve-la-competition-20250815\" target=\"_blank\" data-fig-type=\"NewsFlash\" rel=\"noopener nofollow\" data-gtm-custom-categorie=\"navigation\" data-gtm-custom-action=\"crossclick\" data-gtm-custom-label=\"Contextuel\" data-gtm-event=\"customEventSPE\" data-fig-domain=\"LEFIGARO\">Ce fut la p\u00e9riode la plus difficile de ma carri\u00e8re cycliste.<\/a> \u00a0Je n\u2019avais jamais rien v\u00e9cu de tel auparavant\u00bb, d\u00e9clarait cette semaine le coureur fran\u00e7ais de l\u2019\u00e9quipe Visma Lease a bike.<\/p>\n<p>                                    <a class=\"fig-a11y-skip a11y-hidden\" href=\"#fig-a11y-skip-main-inarticle\"><br \/>\n        Passer la publicit\u00e9<br \/>\n    <\/a><\/p>\n<p>315 jours d\u2019absence<\/p>\n<p class=\"fig-paragraph\">\u00abC\u2019\u00e9tait parfois frustrant de regarder des courses auxquelles je participerais normalement. Quand on se dit qu\u2019on sera meilleur dans une semaine et que \u00e7a ne marche pas, c\u2019est tr\u00e8s dur. \u00c7a a pris du temps, mais je suis pr\u00eat maintenant\u00bb, ajoutait l\u2019ex-membre de Cofidis, parti en stage ces derni\u00e8res semaines avec ses co\u00e9quipiers &#8211; dont\u00a0<a href=\"http:\/\/www.lefigaro.fr\/sports\/cyclisme\/cyclisme-vingegaard-donne-rendez-vous-a-pogacar-pour-un-nouveau-duel-aux-championnats-du-monde-au-rwanda-20250815\" target=\"_blank\" data-fig-type=\"NewsFlash\" rel=\"noopener nofollow\" data-gtm-custom-categorie=\"navigation\" data-gtm-custom-action=\"crossclick\" data-gtm-custom-label=\"Contextuel\" data-gtm-event=\"customEventSPE\" data-fig-domain=\"LEFIGARO\">Jonas Vingegaard<\/a>\u00a0&#8211; qui disputeront, eux, le Tour d\u2019Espagne (23 ao\u00fbt &#8211; 14 septembre).<\/p>\n<p class=\"fig-body-link\">\n            \u00c0 lire aussi<br \/>\n        <a class=\"fig-body-link__link\" href=\"http:\/\/www.lefigaro.fr\/sports\/cyclisme\/cyclisme-je-n-avais-jamais-rien-vecu-de-tel-apres-dix-mois-de-galeres-christophe-laporte-en-bronze-aux-jo-2024-retrouve-la-competition-20250815\" target=\"_blank\" data-fig-type=\"NewsFlash\" rel=\"noopener nofollow\" data-gtm-custom-categorie=\"navigation\" data-gtm-custom-action=\"crossclick\" data-gtm-custom-label=\"Contextuel\" data-gtm-event=\"customEventSPE\" data-fig-domain=\"LEFIGARO\">Cyclisme\u00a0: \u00abJe n\u2019avais jamais rien v\u00e9cu de tel\u00bb, apr\u00e8s dix mois de gal\u00e8res, Christophe Laporte, en bronze aux JO 2024, retrouve la comp\u00e9tition<br \/>\n    <\/a>\n<\/p>\n<p class=\"fig-paragraph\">Souhaitant d\u2019abord retrouver son \u00abmeilleur niveau\u00bb pour \u00e0 terme \u00abremporter \u00e0 nouveau des courses\u00bb, Laporte a donc rego\u00fbt\u00e9 \u00e0 l\u2019adr\u00e9naline de la comp\u00e9tition apr\u00e8s 315 jours d\u2019absence. Les gal\u00e8res semblent d\u00e9sormais derri\u00e8re celui qui devrait disputer prochainement le Renewi Tour (ex-Tour du Benelux, pr\u00e9vue du 20 au 24 ao\u00fbt) avant la Bretagne Classic (31 ao\u00fbt). Concluant son ann\u00e9e 2025 tr\u00e8s particuli\u00e8re sans aucun Grand Tour \u00e0 son actif.<\/p>\n","protected":false},"excerpt":{"rendered":"\u00c9cart\u00e9 du peloton mondial pendant presque un an en raison d\u2019un virus, le m\u00e9daill\u00e9 de bronze des JO&hellip;\n","protected":false},"author":2,"featured_media":325689,"comment_status":"","ping_status":"","sticky":false,"template":"","format":"standard","meta":{"footnotes":""},"categories":[1411],"tags":[1141,1142,1154,207,1143,1011,27,60,1140,1139,210],"class_list":{"0":"post-325688","1":"post","2":"type-post","3":"status-publish","4":"format-standard","5":"has-post-thumbnail","7":"category-cyclisme","8":"tag-actualite-cyclisme","9":"tag-competition-cyclisme","10":"tag-cycling","11":"tag-cyclisme","12":"tag-cyclisme-actu","13":"tag-fr","14":"tag-france","15":"tag-sports","16":"tag-tour-despagne","17":"tag-tour-ditalie","18":"tag-tour-de-france"},"share_on_mastodon":{"url":"https:\/\/pubeurope.com\/@fr\/115046205574647989","error":""},"_links":{"self":[{"href":"https:\/\/www.europesays.com\/fr\/wp-json\/wp\/v2\/posts\/325688","targetHints":{"allow":["GET"]}}],"collection":[{"href":"https:\/\/www.europesays.com\/fr\/wp-json\/wp\/v2\/posts"}],"about":[{"href":"https:\/\/www.europesays.com\/fr\/wp-json\/wp\/v2\/types\/post"}],"author":[{"embeddable":true,"href":"https:\/\/www.europesays.com\/fr\/wp-json\/wp\/v2\/users\/2"}],"replies":[{"embeddable":true,"href":"https:\/\/www.europesays.com\/fr\/wp-json\/wp\/v2\/comments?post=325688"}],"version-history":[{"count":0,"href":"https:\/\/www.europesays.com\/fr\/wp-json\/wp\/v2\/posts\/325688\/revisions"}],"wp:featuredmedia":[{"embeddable":true,"href":"https:\/\/www.europesays.com\/fr\/wp-json\/wp\/v2\/media\/325689"}],"wp:attachment":[{"href":"https:\/\/www.europesays.com\/fr\/wp-json\/wp\/v2\/media?parent=325688"}],"wp:term":[{"taxonomy":"category","embeddable":true,"href":"https:\/\/www.europesays.com\/fr\/wp-json\/wp\/v2\/categories?post=325688"},{"taxonomy":"post_tag","embeddable":true,"href":"https:\/\/www.europesays.com\/fr\/wp-json\/wp\/v2\/tags?post=325688"}],"curies":[{"name":"wp","href":"https:\/\/api.w.org\/{rel}","templated":true}]}}