{"id":325690,"date":"2025-08-17T21:22:12","date_gmt":"2025-08-17T21:22:12","guid":{"rendered":"https:\/\/www.europesays.com\/fr\/325690\/"},"modified":"2025-08-17T21:22:12","modified_gmt":"2025-08-17T21:22:12","slug":"benjamin-pavard-finalement-a-lom-la-revelation-hallucinante","status":"publish","type":"post","link":"https:\/\/www.europesays.com\/fr\/325690\/","title":{"rendered":"Benjamin Pavard finalement \u00e0 l&rsquo;OM ? La r\u00e9v\u00e9lation hallucinante"},"content":{"rendered":"<p data-testid=\"article-teaser\">Annonc\u00e9 dans le viseur du LOSC cet \u00e9t\u00e9, Benjamin Pavard est \u00e9galement associ\u00e9 \u00e0 l\u2019OM ces derni\u00e8res heures.<\/p>\n<p>L\u2019Olympique de Marseille cherche d\u00e9sesp\u00e9r\u00e9ment \u00e0 renforcer sa d\u00e9fense, fragilis\u00e9e lors du dernier match contre Rennes. Alors que la piste Jo\u00ebl Ordonez tra\u00eene en longueur, un nouveau nom circule avec insistance : celui de Benjamin Pavard. Une rumeur qui para\u00eet folle au premier abord, mais qui suscite d\u00e9j\u00e0 l\u2019enthousiasme des supporters marseillais.<\/p>\n","protected":false},"excerpt":{"rendered":"Annonc\u00e9 dans le viseur du LOSC cet \u00e9t\u00e9, Benjamin Pavard est \u00e9galement associ\u00e9 \u00e0 l\u2019OM ces derni\u00e8res heures.&hellip;\n","protected":false},"author":2,"featured_media":325691,"comment_status":"","ping_status":"","sticky":false,"template":"","format":"standard","meta":{"footnotes":""},"categories":[1410],"tags":[26997,63,1011,27,66,1307,46278,884,46277,1434,3127,445,60,28401],"class_list":{"0":"post-325690","1":"post","2":"type-post","3":"status-publish","4":"format-standard","5":"has-post-thumbnail","7":"category-football","8":"tag-b-pavard","9":"tag-football","10":"tag-fr","11":"tag-france","12":"tag-ligue-1","13":"tag-lille","14":"tag-lille-vs-monaco","15":"tag-marseille","16":"tag-marseille-vs-paris-fc","17":"tag-mercato","18":"tag-monaco","19":"tag-paris-fc","20":"tag-sports","21":"tag-transfers"},"share_on_mastodon":{"url":"https:\/\/pubeurope.com\/@fr\/115046209723077416","error":""},"_links":{"self":[{"href":"https:\/\/www.europesays.com\/fr\/wp-json\/wp\/v2\/posts\/325690","targetHints":{"allow":["GET"]}}],"collection":[{"href":"https:\/\/www.europesays.com\/fr\/wp-json\/wp\/v2\/posts"}],"about":[{"href":"https:\/\/www.europesays.com\/fr\/wp-json\/wp\/v2\/types\/post"}],"author":[{"embeddable":true,"href":"https:\/\/www.europesays.com\/fr\/wp-json\/wp\/v2\/users\/2"}],"replies":[{"embeddable":true,"href":"https:\/\/www.europesays.com\/fr\/wp-json\/wp\/v2\/comments?post=325690"}],"version-history":[{"count":0,"href":"https:\/\/www.europesays.com\/fr\/wp-json\/wp\/v2\/posts\/325690\/revisions"}],"wp:featuredmedia":[{"embeddable":true,"href":"https:\/\/www.europesays.com\/fr\/wp-json\/wp\/v2\/media\/325691"}],"wp:attachment":[{"href":"https:\/\/www.europesays.com\/fr\/wp-json\/wp\/v2\/media?parent=325690"}],"wp:term":[{"taxonomy":"category","embeddable":true,"href":"https:\/\/www.europesays.com\/fr\/wp-json\/wp\/v2\/categories?post=325690"},{"taxonomy":"post_tag","embeddable":true,"href":"https:\/\/www.europesays.com\/fr\/wp-json\/wp\/v2\/tags?post=325690"}],"curies":[{"name":"wp","href":"https:\/\/api.w.org\/{rel}","templated":true}]}}