{"id":325694,"date":"2025-08-17T21:24:11","date_gmt":"2025-08-17T21:24:11","guid":{"rendered":"https:\/\/www.europesays.com\/fr\/325694\/"},"modified":"2025-08-17T21:24:11","modified_gmt":"2025-08-17T21:24:11","slug":"avant-apres-un-pavillon-date-transforme-en-paradis-blanc-design-par-une-australienne","status":"publish","type":"post","link":"https:\/\/www.europesays.com\/fr\/325694\/","title":{"rendered":"Avant-apr\u00e8s\u00a0: un pavillon dat\u00e9 transform\u00e9 en paradis blanc design par une Australienne"},"content":{"rendered":"<p>                                                    <a href=\"https:\/\/deco.journaldesfemmes.fr\/reportages-deco-et-visites-privees\/2705611-avant-apres-un-pavillon-date-transforme-en-paradis-blanc-design-par-une-australienne\/2705643-pavillon-avant\" class=\"ccmcss_cms_figure__linkright jMiddleNextZone jDiaporamaHorizontal\" style=\"display:none;\" data-id=\"2705643\" rel=\"nofollow noopener\" target=\"_blank\"><\/p>\n<p>                    <\/a><br \/>\n                                                    <a href=\"https:\/\/img-3.journaldesfemmes.fr\/OaSVOZvFdGLHdFAJIyZCsay7Si8=\/1240x\/smart\/c6512eedbb2a447785498ed2899201c2\/ccmcms-jdf\/40041367.jpg\" class=\"fancy app_btn_1 app_btn--ico jZoomDiapo jDiaporamaHorizontal\" style=\"display:none;\" rel=\"nofollow noopener\" target=\"_blank\"><\/a><\/p>\n<p>Naviguez au clavier<\/p>\n<p>                        Pr\u00e9c\u00e9dent<br \/>\n                        Suivant<\/p>\n<p>                    <img loading=\"lazy\" decoding=\"async\" class=\"jDiaporamaImg\" src=\"https:\/\/www.europesays.com\/fr\/wp-content\/uploads\/2025\/08\/40041367.jpg\" alt=\"XXX\" width=\"788\" height=\"630\"\/><\/p>\n<p>\n        <strong>Non loin de Narbonne, cette maison fran\u00e7aise des ann\u00e9es 60\u00a0avait du charme\u2026 mais surtout besoin d&rsquo;un bon coup de neuf. Un peu vieillotte, parfois m\u00eame d\u00e9labr\u00e9e, elle va pourtant s\u00e9duire Kate Yates, une Australienne install\u00e9e en France. Tomb\u00e9e sous le charme, elle d\u00e9cide de la transformer de fond en comble. R\u00e9sultat\u00a0: un cocon lumineux et design, aux accents m\u00e9diterran\u00e9ens, directement inspir\u00e9 de Cadaqu\u00e9s, sur la Costa Brava. Jardin repens\u00e9, piscine de r\u00eave, et un terrain de 520\u00a0m\u00b2\u00a0: la m\u00e9tamorphose vaut le d\u00e9tour.<\/strong><br \/>\n        <br \/>\u00a9\u00a0Soufiane Zaidi \/ Under the coconut palm\n    <\/p>\n","protected":false},"excerpt":{"rendered":"Naviguez au clavier Pr\u00e9c\u00e9dent Suivant Non loin de Narbonne, cette maison fran\u00e7aise des ann\u00e9es 60\u00a0avait du charme\u2026 mais&hellip;\n","protected":false},"author":2,"featured_media":325695,"comment_status":"","ping_status":"","sticky":false,"template":"","format":"standard","meta":{"footnotes":""},"categories":[1358],"tags":[1348,1384,1385,1386,58,59,1011,27],"class_list":{"0":"post-325694","1":"post","2":"type-post","3":"status-publish","4":"format-standard","5":"has-post-thumbnail","7":"category-arts-et-design","8":"tag-arts","9":"tag-arts-and-design","10":"tag-arts-et-design","11":"tag-design","12":"tag-divertissement","13":"tag-entertainment","14":"tag-fr","15":"tag-france"},"share_on_mastodon":{"url":"https:\/\/pubeurope.com\/@fr\/115046217399713913","error":""},"_links":{"self":[{"href":"https:\/\/www.europesays.com\/fr\/wp-json\/wp\/v2\/posts\/325694","targetHints":{"allow":["GET"]}}],"collection":[{"href":"https:\/\/www.europesays.com\/fr\/wp-json\/wp\/v2\/posts"}],"about":[{"href":"https:\/\/www.europesays.com\/fr\/wp-json\/wp\/v2\/types\/post"}],"author":[{"embeddable":true,"href":"https:\/\/www.europesays.com\/fr\/wp-json\/wp\/v2\/users\/2"}],"replies":[{"embeddable":true,"href":"https:\/\/www.europesays.com\/fr\/wp-json\/wp\/v2\/comments?post=325694"}],"version-history":[{"count":0,"href":"https:\/\/www.europesays.com\/fr\/wp-json\/wp\/v2\/posts\/325694\/revisions"}],"wp:featuredmedia":[{"embeddable":true,"href":"https:\/\/www.europesays.com\/fr\/wp-json\/wp\/v2\/media\/325695"}],"wp:attachment":[{"href":"https:\/\/www.europesays.com\/fr\/wp-json\/wp\/v2\/media?parent=325694"}],"wp:term":[{"taxonomy":"category","embeddable":true,"href":"https:\/\/www.europesays.com\/fr\/wp-json\/wp\/v2\/categories?post=325694"},{"taxonomy":"post_tag","embeddable":true,"href":"https:\/\/www.europesays.com\/fr\/wp-json\/wp\/v2\/tags?post=325694"}],"curies":[{"name":"wp","href":"https:\/\/api.w.org\/{rel}","templated":true}]}}