{"id":325698,"date":"2025-08-17T21:26:11","date_gmt":"2025-08-17T21:26:11","guid":{"rendered":"https:\/\/www.europesays.com\/fr\/325698\/"},"modified":"2025-08-17T21:26:11","modified_gmt":"2025-08-17T21:26:11","slug":"lepisode-de-ce-soir-sur-france-3-est-il-un-inedit-2","status":"publish","type":"post","link":"https:\/\/www.europesays.com\/fr\/325698\/","title":{"rendered":"l&rsquo;\u00e9pisode de ce soir sur France 3 est-il un in\u00e9dit ?"},"content":{"rendered":"<p>La soir\u00e9e sera plac\u00e9e sous le signe des enqu\u00eates chez France 3 ce dimanche 17 ao\u00fbt 2025. Tout d\u2019abord, les t\u00e9l\u00e9spectateurs auront droit \u00e0 un \u00e9pisode de <a href=\"https:\/\/www.diverto.tv\/series\/commissaire-montalbano\" rel=\"nofollow noopener\" target=\"_blank\">Commissaire Montalbano<\/a> \u00e0 partir de 21 heures 10, suivi de <a href=\"https:\/\/www.diverto.tv\/series\/commissaire-dupin\/episode-9-6426\" rel=\"nofollow noopener\" target=\"_blank\">Commissaire Dupin<\/a><a href=\"https:\/\/www.diverto.tv\/series\/commissaire-dupin\/episode-9-6426\" rel=\"nofollow noopener\" target=\"_blank\"> <\/a>en deuxi\u00e8me partie de soir\u00e9e \u00e0 23 heures 05.<\/p>\n<p>En ce qui concerne l\u2019\u00e9pisode de Commissaire Montalbano, les fans fid\u00e8les risquent d\u2019\u00eatre d\u00e9\u00e7us. Et pour cause, l\u2019\u00e9pisode intitul\u00e9 <a href=\"https:\/\/www.diverto.tv\/series\/commissaire-montalbano\/la-methode-catalanotti\" rel=\"nofollow noopener\" target=\"_blank\">La m\u00e9thode Catalanotti <\/a>est en r\u00e9alit\u00e9 une rediffusion de l\u2019\u00e9pisode 1 de la saison 15.<\/p>\n<p><strong>De quoi parle l\u2019\u00e9pisode La m\u00e9thode Catalanotti ?<\/strong><\/p>\n<p>Pour ceux qui sont curieux de l\u2019intrigue du soir, le Commissaire Montalbano (Luca Zingaretti) est r\u00e9veill\u00e9 par l\u2019inspecteur Mimi Augello en pleine nuit. Celui-ci affirme avoir vu un homme mort dans l\u2019appartement qui se trouve juste en dessous de celui de sa ma\u00eetresse. Le hic ? Il ne peut pas t\u00e9moigner de l\u2019existence de ce cadavre au risque de mettre son mariage en danger ainsi que sa carri\u00e8re.<\/p>\n<p>Le lendemain, les choses semblent aller en faveur de l\u2019inspecteur Augello. Et pour cause, lui et le commissaire sont appel\u00e9s sur les lieux d\u2019un meurtre. Mais coup de th\u00e9\u00e2tre, ce n\u2019est pas l\u2019adresse qu\u2019avait mentionn\u00e9e Augello. Mais les myst\u00e8res ne s\u2019arr\u00eatent pas l\u00e0. Une fois sur place, les enqu\u00eateurs d\u00e9couvrent que la victime ressemble comme deux gouttes d\u2019eau au fameux homme retrouv\u00e9 par Augello durant la nuit. Il y a donc deux meurtres en un \u00e0 r\u00e9soudre. Le commissaire Montalbano devra tenter de prot\u00e9ger son ami et coll\u00e8gue tout en avan\u00e7ant dans ses recherches. Pour avoir la r\u00e9ponse, il faudra \u00eatre devant France 3 \u00e0 partir de 21 heures 10 donc !<br \/>&#13;<br \/>\n\u00a0<\/p>\n","protected":false},"excerpt":{"rendered":"La soir\u00e9e sera plac\u00e9e sous le signe des enqu\u00eates chez France 3 ce dimanche 17 ao\u00fbt 2025. Tout&hellip;\n","protected":false},"author":2,"featured_media":325699,"comment_status":"","ping_status":"","sticky":false,"template":"","format":"standard","meta":{"footnotes":""},"categories":[1356],"tags":[58,59,1011,27,252,1364],"class_list":{"0":"post-325698","1":"post","2":"type-post","3":"status-publish","4":"format-standard","5":"has-post-thumbnail","7":"category-television","8":"tag-divertissement","9":"tag-entertainment","10":"tag-fr","11":"tag-france","12":"tag-television","13":"tag-tv"},"share_on_mastodon":{"url":"https:\/\/pubeurope.com\/@fr\/115046225378075363","error":""},"_links":{"self":[{"href":"https:\/\/www.europesays.com\/fr\/wp-json\/wp\/v2\/posts\/325698","targetHints":{"allow":["GET"]}}],"collection":[{"href":"https:\/\/www.europesays.com\/fr\/wp-json\/wp\/v2\/posts"}],"about":[{"href":"https:\/\/www.europesays.com\/fr\/wp-json\/wp\/v2\/types\/post"}],"author":[{"embeddable":true,"href":"https:\/\/www.europesays.com\/fr\/wp-json\/wp\/v2\/users\/2"}],"replies":[{"embeddable":true,"href":"https:\/\/www.europesays.com\/fr\/wp-json\/wp\/v2\/comments?post=325698"}],"version-history":[{"count":0,"href":"https:\/\/www.europesays.com\/fr\/wp-json\/wp\/v2\/posts\/325698\/revisions"}],"wp:featuredmedia":[{"embeddable":true,"href":"https:\/\/www.europesays.com\/fr\/wp-json\/wp\/v2\/media\/325699"}],"wp:attachment":[{"href":"https:\/\/www.europesays.com\/fr\/wp-json\/wp\/v2\/media?parent=325698"}],"wp:term":[{"taxonomy":"category","embeddable":true,"href":"https:\/\/www.europesays.com\/fr\/wp-json\/wp\/v2\/categories?post=325698"},{"taxonomy":"post_tag","embeddable":true,"href":"https:\/\/www.europesays.com\/fr\/wp-json\/wp\/v2\/tags?post=325698"}],"curies":[{"name":"wp","href":"https:\/\/api.w.org\/{rel}","templated":true}]}}