{"id":325700,"date":"2025-08-17T21:27:11","date_gmt":"2025-08-17T21:27:11","guid":{"rendered":"https:\/\/www.europesays.com\/fr\/325700\/"},"modified":"2025-08-17T21:27:11","modified_gmt":"2025-08-17T21:27:11","slug":"ce-tube-emblematique-etait-destine-a-une-autre-celebre-chanteuse","status":"publish","type":"post","link":"https:\/\/www.europesays.com\/fr\/325700\/","title":{"rendered":"ce tube embl\u00e9matique \u00e9tait destin\u00e9 \u00e0 une autre c\u00e9l\u00e8bre chanteuse"},"content":{"rendered":"<p><img decoding=\"async\" src=\"https:\/\/www.europesays.com\/fr\/wp-content\/uploads\/2025\/08\/photo_1754576717.jpg\" class=\"textcenter img-content\" loading=\"lazy\"\/>Abaca<br \/>\n<br \/>\nElle a fait son retour sur le devant de la sc\u00e8ne cette ann\u00e9e en acceptant de devenir l&rsquo;une des coachs <a href=\"https:\/\/www.chartsinfrance.net\/Patricia-Kaas\/news-130098.html\" target=\"_blank\" class=\"spip_out\" rel=\"nofollow noopener\">du t\u00e9l\u00e9-crochet The Voice\u00a0\u00bb<\/a> sur TF1 : Patricia Kaas, artiste incontournable de la chanson fran\u00e7aise avec ses 11 albums studios, \u00e9tait il y a quelques temps l&rsquo;invit\u00e9e de Jean-Luc Reichmann <a href=\"https:\/\/www.nostalgie.fr\/artistes\/patricia-kaas\/actus\/patricia-kaas-invitee-de-on-se-tutoie-avec-jean-luc-reichmann-70250530\" target=\"_blank\" class=\"spip_out\" rel=\"nofollow noopener\">dans l&rsquo;\u00e9mission \u00ab\u00a0On se tutoie\u00a0\u00bb de la station Nostalgie<\/a>. L&rsquo;occasion pour la native de Forbach de faire quelques r\u00e9v\u00e9lations au sujet de l&rsquo;un des titres les plus cultes de son r\u00e9pertoire : <a href=\"https:\/\/www.chartsinfrance.net\/Patricia-Kaas\/Mademoiselle-chante-le-blues-sc563.html\" target=\"_blank\" class=\"spip_out\" rel=\"nofollow noopener\">\u00ab\u00a0Mademoiselle chante le blues\u00a0\u00bb<\/a>.        <\/p>\n<p>Le player Dailymotion est en train de se charger&#8230;<\/p>\n<p>Didier Barbelivien a lanc\u00e9 la carri\u00e8re de Patricia Kaas<br \/>\nSortie en 1987 pour promouvoir le premier album studio de la chanteuse, \u00ab\u00a0Mademoiselle chante&#8230;\u00a0\u00bb, \u00ab\u00a0Mademoiselle chante le blues \u00a0\u00bb reste \u00e0 ce jour l&rsquo;un des plus gros succ\u00e8s de Patricia Kaas. Le titre, compos\u00e9 par l&rsquo;incontournable Didier Barbelivien (qui a annonc\u00e9 en 2022 <a href=\"https:\/\/www.chartsinfrance.net\/Didier--Barbelivien\/news-123464.html\" target=\"_blank\" class=\"spip_out\" rel=\"nofollow noopener\">qu&rsquo;il ne sortirait plus d&rsquo;albums<\/a>), avait \u00e9t\u00e9 class\u00e9 au Top 50 et s&rsquo;\u00e9tait vendu \u00e0 plus de 250 000 exemplaires&#8230; Un succ\u00e8s en or massif pour une toute premi\u00e8re chanson, d&rsquo;autant qu&rsquo;elle n&rsquo;avait \u00e0 la base pas \u00e9t\u00e9 \u00e9crite pour Patricia Kaas ! Comme la chanteuse l&rsquo;a confirm\u00e9 sur Nostalgie, le titre avait en effet dans un premier temps \u00e9t\u00e9 propos\u00e9e \u00e0&#8230; Nicoletta, puis \u00e0 Mich\u00e8le Torr. \u00ab C&rsquo;est genre \u00ab\u00a0On a cette chanson, si tu la veux&#8230;\u00a0\u00bb et je l&rsquo;ai prise ! \u00bb a confi\u00e9  Patricia Kaas, expliquant qu&rsquo;il s&rsquo;agissait d&rsquo;un titre \u00ab \u00e0 tiroir \u00bb &#8211; comprendre par l\u00e0 qui attendait sagement dans un coin de trouver preneur.       <\/p>\n<p>C&rsquo;est en 1983 que Didier Barbelivien entend parler un peu par hasard d&rsquo;une jeune chanteuse dont la voix a bluff\u00e9 le producteur Fran\u00e7ois Bernheim, qui l&rsquo;a d\u00e9couverte lors d&rsquo;une foire \u00e0 Francfort. Suite au refus de Nicoletta d&rsquo;interpr\u00e9ter \u00ab\u00a0Mademoiselle chante le blues\u00a0\u00bb, chanson qu&rsquo;il aurait imagin\u00e9e quelques ann\u00e9es apr\u00e8s avoir vu le film \u00ab\u00a0Lady Sing The Blues\u00a0\u00bb <a href=\"https:\/\/www.chartsinfrance.net\/Diana-Ross\/news-77297.html\" target=\"_blank\" class=\"spip_out\" rel=\"nofollow noopener\">avec Diana Ross<\/a> dans le r\u00f4le principal, le parolier pense \u00e0 Patricia Kaas. La chanson, parue au printemps 1987, aura besoin de quelques mois avant de v\u00e9ritablement d\u00e9coller et s&rsquo;installera dans le Top 50 \u00e0 l&rsquo;automne de la m\u00eame ann\u00e9e, propulsant alors Patricia Kaas au rang de star. Didier Barbelivien signe sur ce m\u00eame album \u00ab\u00a0Mademoiselle chante&#8230; \u00a0\u00bb la quasi totalit\u00e9 des autres titres, parmi lequel l&rsquo;incontournable <a href=\"https:\/\/www.chartsinfrance.net\/Patricia-Kaas\/Mon-mec-ua-moi-sc746.html\" target=\"_blank\" class=\"spip_out\" rel=\"nofollow noopener\">\u00ab\u00a0Mon mec \u00e0 moi\u00a0\u00bb<\/a>, autre grand succ\u00e8s de l&rsquo;artiste.<\/p>\n<\/p>\n<p>Si la collaboration entre le chanteur et parolier et Patricia Kaas a \u00e9t\u00e9 fructueuse, elle a aussi \u00e9t\u00e9 de courte dur\u00e9e. <a href=\"https:\/\/www.youtube.com\/watch?v=h9RnyiLAaKA\" target=\"_blank\" class=\"spip_out\" rel=\"nofollow noopener\">Interrog\u00e9 sur Public S\u00e9nat<\/a> il y a trois ans, Didier Barbelivien avait estim\u00e9 \u00eatre \u00e0 l&rsquo;origine du lancement r\u00e9ussi de sa carri\u00e8re. \u00ab Le d\u00e9but oui, \u00e9videmment. Apr\u00e8s, \u00e7a a tourn\u00e9 un peu court mais c&rsquo;est plus de son fait que du mien \u00bb avait-il d\u00e9clar\u00e9. En cause selon lui ? Une divergence de point de vue artistique, qui a mis rapidement un point final \u00e0 leur association.<\/p>\n","protected":false},"excerpt":{"rendered":"Abaca Elle a fait son retour sur le devant de la sc\u00e8ne cette ann\u00e9e en acceptant de devenir&hellip;\n","protected":false},"author":2,"featured_media":325701,"comment_status":"","ping_status":"","sticky":false,"template":"","format":"standard","meta":{"footnotes":""},"categories":[1355],"tags":[58,59,1011,27,1361,873],"class_list":{"0":"post-325700","1":"post","2":"type-post","3":"status-publish","4":"format-standard","5":"has-post-thumbnail","7":"category-musique","8":"tag-divertissement","9":"tag-entertainment","10":"tag-fr","11":"tag-france","12":"tag-music","13":"tag-musique"},"share_on_mastodon":{"url":"https:\/\/pubeurope.com\/@fr\/115046229213621683","error":""},"_links":{"self":[{"href":"https:\/\/www.europesays.com\/fr\/wp-json\/wp\/v2\/posts\/325700","targetHints":{"allow":["GET"]}}],"collection":[{"href":"https:\/\/www.europesays.com\/fr\/wp-json\/wp\/v2\/posts"}],"about":[{"href":"https:\/\/www.europesays.com\/fr\/wp-json\/wp\/v2\/types\/post"}],"author":[{"embeddable":true,"href":"https:\/\/www.europesays.com\/fr\/wp-json\/wp\/v2\/users\/2"}],"replies":[{"embeddable":true,"href":"https:\/\/www.europesays.com\/fr\/wp-json\/wp\/v2\/comments?post=325700"}],"version-history":[{"count":0,"href":"https:\/\/www.europesays.com\/fr\/wp-json\/wp\/v2\/posts\/325700\/revisions"}],"wp:featuredmedia":[{"embeddable":true,"href":"https:\/\/www.europesays.com\/fr\/wp-json\/wp\/v2\/media\/325701"}],"wp:attachment":[{"href":"https:\/\/www.europesays.com\/fr\/wp-json\/wp\/v2\/media?parent=325700"}],"wp:term":[{"taxonomy":"category","embeddable":true,"href":"https:\/\/www.europesays.com\/fr\/wp-json\/wp\/v2\/categories?post=325700"},{"taxonomy":"post_tag","embeddable":true,"href":"https:\/\/www.europesays.com\/fr\/wp-json\/wp\/v2\/tags?post=325700"}],"curies":[{"name":"wp","href":"https:\/\/api.w.org\/{rel}","templated":true}]}}