{"id":325704,"date":"2025-08-17T21:29:09","date_gmt":"2025-08-17T21:29:09","guid":{"rendered":"https:\/\/www.europesays.com\/fr\/325704\/"},"modified":"2025-08-17T21:29:09","modified_gmt":"2025-08-17T21:29:09","slug":"canicule-peut-on-tomber-malade-a-cause-de-la-climatisation","status":"publish","type":"post","link":"https:\/\/www.europesays.com\/fr\/325704\/","title":{"rendered":"Canicule\u00a0: peut-on tomber malade \u00e0 cause de la climatisation\u00a0?"},"content":{"rendered":"<p>    La r\u00e9daction vous conseille<\/p>\n<p>La climatisation ne produit pas d\u2019air, elle la r\u00e9partit plus rapidement<\/p>\n<p>Contrairement aux apparences, cette id\u00e9e pr\u00e9con\u00e7ue n\u2019a aucune base scientifique. Par cons\u00e9quent, les sp\u00e9cialistes estiment que la climatisation seule ne peut pas vous rendre malade. En revanche, elle peut favoriser le d\u00e9veloppement de maladies. Rhume, grippe, Covid-19, gastro-ent\u00e9rite\u2026 l\u2019ensemble de ces pathologies sont li\u00e9es \u00e0 l\u2019entr\u00e9e d\u2019un virus ou d\u2019une bact\u00e9rie dans votre organisme.<\/p>\n<p>Seulement, la climatisation ne produit pas d\u2019agents pathog\u00e8nes et ne cr\u00e9e pas d\u2019air. Pour rafra\u00eechir votre logement, elle se contente de diffuser plus rapidement celui-ci au sein de votre m\u00e9nage. Durant ce processus, la composition de cet air n\u2019\u00e9volue pas, il est donc impossible d\u2019 \u00ab\u00a0attraper froid\u00a0\u00bb, au sens litt\u00e9ral du terme. En revanche, la propagation des virus externes \u00e0 votre corps s\u2019amplifie et ces derniers voyagent plus facilement dans une pi\u00e8ce climatis\u00e9e.<\/p>\n<p>Pour les bact\u00e9ries, la donne diff\u00e8re quelque peu. Un manque d\u2019entretien d\u2019un syst\u00e8me de climatisation accentue leur prolif\u00e9ration dans les installations humides et dans les filtres. Ainsi au moment de l\u2019utilisation de l\u2019appareil, les bact\u00e9ries peuvent se disperser dans votre logement. La probl\u00e9matique est identique pour les allerg\u00e8nes., qui se concentrent dans un air recycl\u00e9 non renouvel\u00e9.<\/p>\n<p>Adoptez une pratique r\u00e9fl\u00e9chie pour limiter les risques<\/p>\n<p>Si le recours une climatisation ne suffit pas \u00e0 vous rendre malade, certaines pratiques occasionnent des effets n\u00e9fastes sur le corps humain, m\u00eame si l\u2019installation est bien entretenue et ne pr\u00e9sente aucun foyer de bact\u00e9ries ou d\u2019allerg\u00e8nes en son sein. Premi\u00e8rement, les \u00e9carts de temp\u00e9ratures. D\u2019un environnement chaud \u00e0 un environnement tr\u00e8s climatis\u00e9, une personne peut \u00e9prouver une augmentation de son rythme cardiaque, des vertiges ou encore des naus\u00e9es. Sur la dur\u00e9e, le froid affaiblit aussi notre syst\u00e8me immunitaire.<\/p>\n<p>Enfin, la climatisation ass\u00e8che l\u2019air et peut provoquer celui des muqueuses (yeux, nez, gorge\u2026). Or, c\u2019est exactement ce liquide qui prot\u00e8ge votre corps de l\u2019entr\u00e9e des agents pathog\u00e8nes\u2026<\/p>\n","protected":false},"excerpt":{"rendered":"La r\u00e9daction vous conseille La climatisation ne produit pas d\u2019air, elle la r\u00e9partit plus rapidement Contrairement aux apparences,&hellip;\n","protected":false},"author":2,"featured_media":325705,"comment_status":"","ping_status":"","sticky":false,"template":"","format":"standard","meta":{"footnotes":""},"categories":[10],"tags":[1011,27,72,71],"class_list":{"0":"post-325704","1":"post","2":"type-post","3":"status-publish","4":"format-standard","5":"has-post-thumbnail","7":"category-sante","8":"tag-fr","9":"tag-france","10":"tag-health","11":"tag-sante"},"share_on_mastodon":{"url":"https:\/\/pubeurope.com\/@fr\/115046237039835466","error":""},"_links":{"self":[{"href":"https:\/\/www.europesays.com\/fr\/wp-json\/wp\/v2\/posts\/325704","targetHints":{"allow":["GET"]}}],"collection":[{"href":"https:\/\/www.europesays.com\/fr\/wp-json\/wp\/v2\/posts"}],"about":[{"href":"https:\/\/www.europesays.com\/fr\/wp-json\/wp\/v2\/types\/post"}],"author":[{"embeddable":true,"href":"https:\/\/www.europesays.com\/fr\/wp-json\/wp\/v2\/users\/2"}],"replies":[{"embeddable":true,"href":"https:\/\/www.europesays.com\/fr\/wp-json\/wp\/v2\/comments?post=325704"}],"version-history":[{"count":0,"href":"https:\/\/www.europesays.com\/fr\/wp-json\/wp\/v2\/posts\/325704\/revisions"}],"wp:featuredmedia":[{"embeddable":true,"href":"https:\/\/www.europesays.com\/fr\/wp-json\/wp\/v2\/media\/325705"}],"wp:attachment":[{"href":"https:\/\/www.europesays.com\/fr\/wp-json\/wp\/v2\/media?parent=325704"}],"wp:term":[{"taxonomy":"category","embeddable":true,"href":"https:\/\/www.europesays.com\/fr\/wp-json\/wp\/v2\/categories?post=325704"},{"taxonomy":"post_tag","embeddable":true,"href":"https:\/\/www.europesays.com\/fr\/wp-json\/wp\/v2\/tags?post=325704"}],"curies":[{"name":"wp","href":"https:\/\/api.w.org\/{rel}","templated":true}]}}