{"id":32571,"date":"2025-04-17T22:10:29","date_gmt":"2025-04-17T22:10:29","guid":{"rendered":"https:\/\/www.europesays.com\/fr\/32571\/"},"modified":"2025-04-17T22:10:29","modified_gmt":"2025-04-17T22:10:29","slug":"sncf-accident-grave-sur-la-ligne-l-dans-les-hauts-de-seine-le-trafic-en-partie-interrompu-vers-paris","status":"publish","type":"post","link":"https:\/\/www.europesays.com\/fr\/32571\/","title":{"rendered":"SNCF. Accident grave sur la ligne L dans les Hauts-de-Seine, le trafic en partie interrompu vers Paris"},"content":{"rendered":"<p>            Par<br \/>\n        <strong><br \/>\n            <a href=\"https:\/\/actu.fr\/auteur\/redaction-paris\" title=\"Consulter tous les articles de R\u00e9daction Paris\" target=\"_blank\" rel=\"noopener\">R\u00e9daction Paris<\/a><br \/>\n        <\/strong><\/p>\n<p>        Publi\u00e9 le<\/p>\n<p>            16 avr. 2025 \u00e0 8h50        <\/p>\n<p>[Mise \u00e0 jour : le trafic a repris sur l\u2019ensemble de la ligne L]<\/p>\n<p class=\" wall-content\">D\u00e9but de journ\u00e9e au ralenti pour les usagers de la <strong>ligne L<\/strong> ce mercredi 16 avril 2025. Aux alentours de 8h25, un <a href=\"https:\/\/actu.fr\/tag\/accident-grave-de-voyageur\" target=\"_blank\" rel=\"noopener\">accident grave de personne<\/a> a eu lieu en gare de B\u00e9con les Bruy\u00e8res dans les <a href=\"https:\/\/actu.fr\/ile-de-france\/hauts-de-seine_92\" target=\"_blank\" rel=\"noopener\">Hauts-de-Seine<\/a>, a fait savoir la <a href=\"https:\/\/actu.fr\/tag\/sncf\" target=\"_blank\" rel=\"noopener\">SNCF<\/a> sur X.<\/p>\n<p>Plusieurs gares ne sont pas desservies<\/p>\n<p class=\" wall-content\">Cons\u00e9quences\u2009: la circulation des trains est interrompue entre <strong>Paris-Saint-Lazare<\/strong> et <strong>La D\u00e9fense<\/strong>, dans les deux sens. Les gares suivantes ne sont donc pas desservies\u2009: Pont Cardinet, Clichy-Levallois, Asni\u00e8res-sur-Seine, B\u00e9con-les-Bruy\u00e8res et Courbevoie.<\/p>\n<p class=\" wall-content\">\n<p class=\" wall-content\">Sur X, les pompiers de Paris ont indiqu\u00e9 que \u00ab\u00a0la victime sous le train\u00a0\u00bb pr\u00e9sentait un <strong>\u00ab\u00a0traumatisme important aux membres inf\u00e9rieurs\u00a0\u00bb<\/strong>, et qu\u2019elle a \u00ab\u00a0\u00e9t\u00e9 \u00e9vacu\u00e9e vers une structure hospitali\u00e8re\u00a0\u00bb.<\/p>\n<p class=\" wall-content\">Suivez toute l\u2019actualit\u00e9 de vos villes et m\u00e9dias favoris en vous inscrivant \u00e0 <a href=\"https:\/\/moncompte.actu.fr\" title=\"D\u00e9couvez Mon Actu\" rel=\"nofollow noopener\" data-trk=\"{&quot;cta&quot;:{&quot;action&quot;:&quot;https:\\\/\\\/moncompte.actu.fr&quot;,&quot;category&quot;:&quot;mon compte&quot;,&quot;from&quot;:&quot;article footer&quot;,&quot;name&quot;:&quot;Mon actu&quot;,&quot;type&quot;:&quot;cta&quot;}}\" target=\"_blank\">Mon Actu<\/a>.<\/p>\n<ul class=\"ac-article-tag wall-content\">\n<li><a href=\"https:\/\/actu.fr\/tag\/accident-grave-de-voyageur\" data-trk=\"{&quot;cta&quot;:{&quot;action&quot;:&quot;Accident grave de voyageur&quot;,&quot;category&quot;:&quot;tag&quot;,&quot;from&quot;:&quot;article footer&quot;,&quot;name&quot;:&quot;Accident grave de voyageur&quot;,&quot;type&quot;:&quot;cta&quot;}}\" target=\"_blank\" rel=\"noopener\">#Accident grave de voyageur<\/a><\/li>\n<li><a href=\"https:\/\/actu.fr\/tag\/sncf\" data-trk=\"{&quot;cta&quot;:{&quot;action&quot;:&quot;SNCF&quot;,&quot;category&quot;:&quot;tag&quot;,&quot;from&quot;:&quot;article footer&quot;,&quot;name&quot;:&quot;SNCF&quot;,&quot;type&quot;:&quot;cta&quot;}}\" target=\"_blank\" rel=\"noopener\">#SNCF<\/a><\/li>\n<\/ul>\n","protected":false},"excerpt":{"rendered":"Par R\u00e9daction Paris Publi\u00e9 le 16 avr. 2025 \u00e0 8h50 [Mise \u00e0 jour : le trafic a repris&hellip;\n","protected":false},"author":2,"featured_media":32572,"comment_status":"","ping_status":"","sticky":false,"template":"","format":"standard","meta":{"footnotes":""},"categories":[1888],"tags":[7757,11,1777,674,118,1011,27,12,626,25,2215],"class_list":{"0":"post-32571","1":"post","2":"type-post","3":"status-publish","4":"format-standard","5":"has-post-thumbnail","7":"category-paris","8":"tag-accident-grave-de-voyageur","9":"tag-actualites","10":"tag-eu","11":"tag-europe","12":"tag-faits-divers","13":"tag-fr","14":"tag-france","15":"tag-news","16":"tag-paris","17":"tag-republique-francaise","18":"tag-sncf"},"share_on_mastodon":{"url":"https:\/\/pubeurope.com\/@fr\/114355596599978342","error":""},"_links":{"self":[{"href":"https:\/\/www.europesays.com\/fr\/wp-json\/wp\/v2\/posts\/32571","targetHints":{"allow":["GET"]}}],"collection":[{"href":"https:\/\/www.europesays.com\/fr\/wp-json\/wp\/v2\/posts"}],"about":[{"href":"https:\/\/www.europesays.com\/fr\/wp-json\/wp\/v2\/types\/post"}],"author":[{"embeddable":true,"href":"https:\/\/www.europesays.com\/fr\/wp-json\/wp\/v2\/users\/2"}],"replies":[{"embeddable":true,"href":"https:\/\/www.europesays.com\/fr\/wp-json\/wp\/v2\/comments?post=32571"}],"version-history":[{"count":0,"href":"https:\/\/www.europesays.com\/fr\/wp-json\/wp\/v2\/posts\/32571\/revisions"}],"wp:featuredmedia":[{"embeddable":true,"href":"https:\/\/www.europesays.com\/fr\/wp-json\/wp\/v2\/media\/32572"}],"wp:attachment":[{"href":"https:\/\/www.europesays.com\/fr\/wp-json\/wp\/v2\/media?parent=32571"}],"wp:term":[{"taxonomy":"category","embeddable":true,"href":"https:\/\/www.europesays.com\/fr\/wp-json\/wp\/v2\/categories?post=32571"},{"taxonomy":"post_tag","embeddable":true,"href":"https:\/\/www.europesays.com\/fr\/wp-json\/wp\/v2\/tags?post=32571"}],"curies":[{"name":"wp","href":"https:\/\/api.w.org\/{rel}","templated":true}]}}