{"id":325718,"date":"2025-08-17T21:37:16","date_gmt":"2025-08-17T21:37:16","guid":{"rendered":"https:\/\/www.europesays.com\/fr\/325718\/"},"modified":"2025-08-17T21:37:16","modified_gmt":"2025-08-17T21:37:16","slug":"plus-que-de-laccrobranche-if-saint-etienne","status":"publish","type":"post","link":"https:\/\/www.europesays.com\/fr\/325718\/","title":{"rendered":"Plus que de l\u2019accrobranche &#8211; IF Saint-Etienne"},"content":{"rendered":"<p> \u2022  17 ao\u00fbt 2025<\/p>\n<p>\t\t\t\t\t \u2022 Publication partenaire\t\t\t\t<\/p>\n<p>&#13;<br \/>\n\t\t\t\t\t32 vues\t\t\t\t<\/p>\n<p class=\"is-style-chapo\">L\u2019\u00e9t\u00e9 n\u2019est pas termin\u00e9 et les vacances peuvent se prolonger lors d\u2019une escapade au parc France Aventures, \u00e0 15 minutes de Saint-\u00c9tienne. Aux 11 parcours d\u2019accrobranche s\u2019ajou-tent de nombreuses activit\u00e9s pour les plus jeunes et leurs parents.<\/p>\n<p><img loading=\"lazy\" decoding=\"async\" width=\"1024\" height=\"683\" src=\"https:\/\/www.europesays.com\/fr\/wp-content\/uploads\/2025\/04\/ENFANT-146-1024x683.jpg\" alt=\"\" class=\"wp-image-78366\"  \/><\/p>\n<p>Le parc France Aventures, situ\u00e9 au c\u0153ur de la for\u00eat de Saint-Jean-Bonnefonds, c\u2019est d\u2019abord de beaux parcours d\u2019accrobranche pour tous les niveaux. L\u2019initiation sur les parcours les plus acces-sibles peut se faire d\u00e8s l\u2019\u00e2ge de 4 ans, \u00e0 condition de mesurer au moins 1 m\u00e8tre. 11 parcours sont propos\u00e9s afin de satisfaire tous les profils et toutes les envies. Les grimpeurs les plus aguerris ap-pr\u00e9cieront les parcours sportifs, qui repr\u00e9sentent un v\u00e9ritable d\u00e9fi physique. D\u2019apr\u00e8s le directeur du parc, seule 5 % de la client\u00e8le ose se lancer sur le parcours noir appel\u00e9 \u00ab Au-del\u00e0 des \u00e9toiles \u00bb (d\u00e8s 10 ans) : il y a du d\u00e9fi dans l\u2019air !<\/p>\n<p>Les enfants et leurs parents ont \u00e9galement la possibilit\u00e9 de d\u00e9couvrir les 16 activit\u00e9s r\u00e9parties dans la For\u00eat des Garagnas (d\u00e8s 2 ans). Un espace arbor\u00e9 et enchant\u00e9 de 2 hectares regorgeant de surprises : cabanes perch\u00e9es, structures gonflables, labyrinthe, parcours d\u2019\u00e9quilibre, tunnels et fi-lets, etc. Il y est m\u00eame possible de pratiquer le tir \u00e0 l\u2019arc ou le mini-golf, le tout pour seulement 12 euros par enfant et 4 euros par adulte-accompagnant.<\/p>\n<p>Nocturnes et barbecue<\/p>\n<p>L\u2019accrobranche peut se combiner en soir\u00e9e avec un \u00ab accrop\u00e9ro \u00bb et un barbecue dans le parc, avec comme panorama le coucher du soleil sur les monts du Forez (r\u00e9servation de groupe n\u00e9ces-saire). Lors de ces soir\u00e9es, les parcours se font \u00e0 la lumi\u00e8re d\u2019une lampe frontale. L\u2019approche de l\u2019accrobranche est alors sensiblement diff\u00e9rente : la perception de la hauteur est diminu\u00e9e, mais la sensation de vitesse sur les tyroliennes est d\u00e9cupl\u00e9e\u2026 Surtout sur celle mesurant 135 m\u00e8tres de long !<\/p>\n<p>Deux nocturnes sp\u00e9ciales seront organis\u00e9es le 30 ao\u00fbt et le 1er novembre. Le week-end du 30 et 31 ao\u00fbt le parc sera en f\u00eate et proposera en journ\u00e9e des activit\u00e9s suppl\u00e9mentaires en libre acc\u00e8s. Une zone sera d\u00e9di\u00e9e \u00e0 une kermesse \u00e0 l\u2019ancienne, avec des activit\u00e9s intemporelles comme le chamboule-tout, le lancer d\u2019anneaux ou la course en sac. Un groupe de musique pop-rock jouera sur la terrasse du snack et une maquilleuse artistique proposera des cr\u00e9ations originales. Celles et ceux qui craquent pour les petits animaux peuplant cette for\u00eat pourront aussi participer \u00e0 la cr\u00e9a-tion dans les arbres d\u2019un \u00ab bar \u00e0 \u00e9cureuils \u00bb, \u00e0 base de noisettes et de glands sans alcool.<\/p>\n<p>Halloween dans les bois<\/p>\n<p>C\u2019est enfin \u00e0 l\u2019occasion du D\u00eda de los Muertos (le \u00ab Jour des Morts \u00bb), le 1er novembre, que sera organis\u00e9e la derni\u00e8re nocturne de la saison. Ce soir-l\u00e0, pour toute personne d\u00e9guis\u00e9e en squelette autour de ce th\u00e8me mexicain, l\u2019acc\u00e8s au parc est propos\u00e9 en demi-tarif (r\u00e9servation en ligne). M\u00eame principe pour la journ\u00e9e du 31 octobre et tous les grimpeurs d\u00e9guis\u00e9s sur le th\u00e8me d\u2019Hallo-ween. Durant ce week-end, le parc d\u00e9gagera une aura particuli\u00e8re puisque des acteurs d\u00e9guis\u00e9s en monstre d\u00e9ambuleront parmi les arbres, avec un fond sonore ambiance film d\u2019horreur\u2026 Le 1er novembre, sera propos\u00e9e aux enfants une chasse aux araign\u00e9es (en plastique), qu\u2019ils pourront ensuite \u00e9changer contre des friandises. Mentionnons enfin les vacances de la Toussaint (du 18 oc-tobre au 2 novembre), pendant lesquelles la vaste terrasse du snack accueillera une maison han-t\u00e9e. Autant de fa\u00e7ons de se divertir avec quelques frissons en pleine nature, \u00e0 deux pas de Saint-\u00c9tienne.<\/p>\n<p>Parc ouvert tous les jours de 10 \u00e0 19h.<br \/>Il est fortement recommand\u00e9 de r\u00e9server !<br \/>Pour les nocturnes et barbecues, la r\u00e9servation de groupe est n\u00e9cessaire. D\u00e9tail des activit\u00e9s et des tarifs <a href=\"https:\/\/www.france-aventures.com\/st-etienne-parc-attractions\/accrobranche\/\" target=\"_blank\" rel=\"noopener\">ICI<\/a>.<br \/>Contact au 04 77 46 02 83 ou par email \u00e0 <a href=\"http:\/\/www.if-saint-etienne.fr\/cdn-cgi\/l\/email-protection#94e7e0b9f1e0fdf1fafaf1d4f2e6f5faf7f1b9f5e2f1fae0e1e6f1e7baf7fbf9\" target=\"_blank\" rel=\"noopener\">[email\u00a0protected]<\/a><\/p>\n","protected":false},"excerpt":{"rendered":"\u2022 17 ao\u00fbt 2025 \u2022 Publication partenaire &#13; 32 vues L\u2019\u00e9t\u00e9 n\u2019est pas termin\u00e9 et les vacances peuvent&hellip;\n","protected":false},"author":2,"featured_media":34895,"comment_status":"","ping_status":"","sticky":false,"template":"","format":"standard","meta":{"footnotes":""},"categories":[9653],"tags":[11359,1111,11,2430,1777,674,1011,27,12,25,4001,7499,11360],"class_list":{"0":"post-325718","1":"post","2":"type-post","3":"status-publish","4":"format-standard","5":"has-post-thumbnail","7":"category-saint-etienne","8":"tag-actif","9":"tag-actu","10":"tag-actualites","11":"tag-auvergne-rhone-alpes","12":"tag-eu","13":"tag-europe","14":"tag-fr","15":"tag-france","16":"tag-news","17":"tag-republique-francaise","18":"tag-saint-etienne","19":"tag-sportif","20":"tag-tourisme-de-pleine-nature"},"share_on_mastodon":{"url":"https:\/\/pubeurope.com\/@fr\/115046268492250292","error":""},"_links":{"self":[{"href":"https:\/\/www.europesays.com\/fr\/wp-json\/wp\/v2\/posts\/325718","targetHints":{"allow":["GET"]}}],"collection":[{"href":"https:\/\/www.europesays.com\/fr\/wp-json\/wp\/v2\/posts"}],"about":[{"href":"https:\/\/www.europesays.com\/fr\/wp-json\/wp\/v2\/types\/post"}],"author":[{"embeddable":true,"href":"https:\/\/www.europesays.com\/fr\/wp-json\/wp\/v2\/users\/2"}],"replies":[{"embeddable":true,"href":"https:\/\/www.europesays.com\/fr\/wp-json\/wp\/v2\/comments?post=325718"}],"version-history":[{"count":0,"href":"https:\/\/www.europesays.com\/fr\/wp-json\/wp\/v2\/posts\/325718\/revisions"}],"wp:featuredmedia":[{"embeddable":true,"href":"https:\/\/www.europesays.com\/fr\/wp-json\/wp\/v2\/media\/34895"}],"wp:attachment":[{"href":"https:\/\/www.europesays.com\/fr\/wp-json\/wp\/v2\/media?parent=325718"}],"wp:term":[{"taxonomy":"category","embeddable":true,"href":"https:\/\/www.europesays.com\/fr\/wp-json\/wp\/v2\/categories?post=325718"},{"taxonomy":"post_tag","embeddable":true,"href":"https:\/\/www.europesays.com\/fr\/wp-json\/wp\/v2\/tags?post=325718"}],"curies":[{"name":"wp","href":"https:\/\/api.w.org\/{rel}","templated":true}]}}