{"id":325723,"date":"2025-08-17T21:45:14","date_gmt":"2025-08-17T21:45:14","guid":{"rendered":"https:\/\/www.europesays.com\/fr\/325723\/"},"modified":"2025-08-17T21:45:14","modified_gmt":"2025-08-17T21:45:14","slug":"avant-match-le-mhsc-encore-en-rodage-avant-de-se-deplacer-au-mans","status":"publish","type":"post","link":"https:\/\/www.europesays.com\/fr\/325723\/","title":{"rendered":"[Avant-match] Le MHSC encore en rodage avant de se d\u00e9placer au Mans"},"content":{"rendered":"<p>Le Montpellier H\u00e9rault va vivre son premier match \u00e0 l\u2019ext\u00e9rieur face au Mans avant d\u2019encha\u00eener encore \u00e0 l\u2019ext\u00e9rieur face \u00e0 Troyes. Face \u00e0 un promu, le MHSC peut esp\u00e9rer partir de la Sarthe avec des points dans la besace mais la partie est loin d\u2019\u00eatre jou\u00e9e d\u2019avance.<\/p>\n<p>Zoumana Camara doit jongler avec les incertitudes de cette fin de mercato. Si la d\u00e9fense centrale semble install\u00e9e avec les deux leaders que sont Christopher Jullien et Julien Laporte, les lat\u00e9raux n\u2019ont pas donn\u00e9 confiance lors de leur prestation face au Red Star. Enzo Tchato, avec sa faute de marquage sur le but, a eu du mal d\u00e9fensivement. Au milieu, Be\u0107ir Omeragi\u0107, sur le d\u00e9part sera-t-il maintenu dans le onze de d\u00e9part ? Ya\u00ebl Mouanga, replac\u00e9 au milieu par le technicien h\u00e9raultais cherche encore ses rep\u00e8res. Dans cette doublette, il manque clairement un troisi\u00e8me \u00e9l\u00e9ment capable de faire des diff\u00e9rences offensivement. Avec Khalil Fayad bless\u00e9 et Nicolas Pays, encore timor\u00e9, T\u00e9ji Savanier pourrait retrouver une place de titulaire. Nathana\u00ebl Mbuku et Alexandre Mendy doivent \u00e9galement \u00eatre plus incisifs.<\/p>\n<p>Le Mans, pour commencer sa saison de Ligue 2, a commenc\u00e9 en menant deux buts \u00e0 z\u00e9ro face \u00e0 Guingamp avant de se faire remonter et se faire passer devant. Les Sarthois sont all\u00e9s arracher le point du match nul \u00e0 la fin d\u2019un temps additionnel \u00e0 rallonge preuve d\u2019un caract\u00e8re collectif. Cette rencontre sera aussi l\u2019occasion de retrouver deux anciens pensionnaires de Grammont : Anthony Ribelin et Jean Vercruysse.<\/p>\n<p>Alors que Montpellier cherche encore ses marques, ce d\u00e9placement au Mans est l\u2019occasion de trouver des certitudes. Il faudra trouver des rep\u00e8res d\u00e9fensivement et \u00eatre plus dangereux et efficaces offensivement. Encore en rodage, il faut poursuivre la marche en avant et engranger des points. Rendez-vous demain \u00e0 20h45.<\/p>\n","protected":false},"excerpt":{"rendered":"Le Montpellier H\u00e9rault va vivre son premier match \u00e0 l\u2019ext\u00e9rieur face au Mans avant d\u2019encha\u00eener encore \u00e0 l\u2019ext\u00e9rieur&hellip;\n","protected":false},"author":2,"featured_media":325724,"comment_status":"","ping_status":"","sticky":false,"template":"","format":"standard","meta":{"footnotes":""},"categories":[9599],"tags":[328,1111,11,3772,1777,674,1011,27,46280,2208,12,2680,25],"class_list":{"0":"post-325723","1":"post","2":"type-post","3":"status-publish","4":"format-standard","5":"has-post-thumbnail","7":"category-montpellier","8":"tag-a-la-une","9":"tag-actu","10":"tag-actualites","11":"tag-avant-match","12":"tag-eu","13":"tag-europe","14":"tag-fr","15":"tag-france","16":"tag-lmfc-mhsc","17":"tag-montpellier","18":"tag-news","19":"tag-occitanie","20":"tag-republique-francaise"},"share_on_mastodon":{"url":"https:\/\/pubeurope.com\/@fr\/115046299938091006","error":""},"_links":{"self":[{"href":"https:\/\/www.europesays.com\/fr\/wp-json\/wp\/v2\/posts\/325723","targetHints":{"allow":["GET"]}}],"collection":[{"href":"https:\/\/www.europesays.com\/fr\/wp-json\/wp\/v2\/posts"}],"about":[{"href":"https:\/\/www.europesays.com\/fr\/wp-json\/wp\/v2\/types\/post"}],"author":[{"embeddable":true,"href":"https:\/\/www.europesays.com\/fr\/wp-json\/wp\/v2\/users\/2"}],"replies":[{"embeddable":true,"href":"https:\/\/www.europesays.com\/fr\/wp-json\/wp\/v2\/comments?post=325723"}],"version-history":[{"count":0,"href":"https:\/\/www.europesays.com\/fr\/wp-json\/wp\/v2\/posts\/325723\/revisions"}],"wp:featuredmedia":[{"embeddable":true,"href":"https:\/\/www.europesays.com\/fr\/wp-json\/wp\/v2\/media\/325724"}],"wp:attachment":[{"href":"https:\/\/www.europesays.com\/fr\/wp-json\/wp\/v2\/media?parent=325723"}],"wp:term":[{"taxonomy":"category","embeddable":true,"href":"https:\/\/www.europesays.com\/fr\/wp-json\/wp\/v2\/categories?post=325723"},{"taxonomy":"post_tag","embeddable":true,"href":"https:\/\/www.europesays.com\/fr\/wp-json\/wp\/v2\/tags?post=325723"}],"curies":[{"name":"wp","href":"https:\/\/api.w.org\/{rel}","templated":true}]}}