{"id":325727,"date":"2025-08-17T21:48:12","date_gmt":"2025-08-17T21:48:12","guid":{"rendered":"https:\/\/www.europesays.com\/fr\/325727\/"},"modified":"2025-08-17T21:48:12","modified_gmt":"2025-08-17T21:48:12","slug":"deuxieme-galop-dessai-victorieux-pour-le-hc-ajoie","status":"publish","type":"post","link":"https:\/\/www.europesays.com\/fr\/325727\/","title":{"rendered":"Deuxi\u00e8me galop d\u2019essai victorieux pour le HC Ajoie"},"content":{"rendered":"<p>Le HC Ajoie signe sa deuxi\u00e8me victoire en quatre jours en match de pr\u00e9paration. Apr\u00e8s avoir domin\u00e9 Rapperswil jeudi, les hockeyeurs jurassiens de National League ont pris le meilleur 5-3 sur les Dragons de Rouen dimanche \u00e0 Porrentruy. Avec Damiano Ciaccio dans les buts et avec plusieurs cadres laiss\u00e9s au repos, les \u00ab jaune et noir \u00bb se sont rapidement d\u00e9tach\u00e9s pour mener 3-0 au quart d\u2019heure de jeu, gr\u00e2ce \u00e0 un doubl\u00e9 de Yonas Berthoud et un but de Killian Mottet. Les Normands, qui \u00e9voluent en premi\u00e8re division fran\u00e7aise, ont recoll\u00e9 au score en marquant juste avant le premier th\u00e9, puis \u00e0 deux reprises dans le deuxi\u00e8me tiers. Le HCA a fait la diff\u00e9rence en fin de partie suite \u00e0 des r\u00e9ussites de Julius N\u00e4ttinen et de Killian Mottet \u00e0 nouveau. La formation de Greg Ireland poursuit sa pr\u00e9paration d\u00e8s mardi avec une rencontre face aux Tch\u00e8ques du HC Dynamo Pardubice dans le cadre de la Coupe des Bains \u00e0 Yverdon. \/emu<\/p>\n","protected":false},"excerpt":{"rendered":"Le HC Ajoie signe sa deuxi\u00e8me victoire en quatre jours en match de pr\u00e9paration. Apr\u00e8s avoir domin\u00e9 Rapperswil&hellip;\n","protected":false},"author":2,"featured_media":325728,"comment_status":"","ping_status":"","sticky":false,"template":"","format":"standard","meta":{"footnotes":""},"categories":[9587],"tags":[1111,11,1829,1832,1836,1827,1777,674,1011,27,1830,1831,1826,1844,1840,1839,1841,1838,12,5161,1843,1828,1834,1825,1833,25,1822,1823,9590,1824,1837,1835,1842],"class_list":{"0":"post-325727","1":"post","2":"type-post","3":"status-publish","4":"format-standard","5":"has-post-thumbnail","7":"category-rouen","8":"tag-actu","9":"tag-actualites","10":"tag-ajoie","11":"tag-animation","12":"tag-bienne","13":"tag-delemont","14":"tag-eu","15":"tag-europe","16":"tag-fr","17":"tag-france","18":"tag-franches-montagnes","19":"tag-frequence","20":"tag-jura","21":"tag-jura-bernois","22":"tag-la-chaux-de-fonds","23":"tag-moutier","24":"tag-neuchatel","25":"tag-neuveville","26":"tag-news","27":"tag-normandie","28":"tag-payerne","29":"tag-porrentruy","30":"tag-publicite","31":"tag-radio","32":"tag-redaction","33":"tag-republique-francaise","34":"tag-rfj","35":"tag-rjb","36":"tag-rouen","37":"tag-rtn","38":"tag-tavannes","39":"tag-vallon-de-st-imier","40":"tag-yverdon"},"share_on_mastodon":{"url":"https:\/\/pubeurope.com\/@fr\/115046311737956502","error":""},"_links":{"self":[{"href":"https:\/\/www.europesays.com\/fr\/wp-json\/wp\/v2\/posts\/325727","targetHints":{"allow":["GET"]}}],"collection":[{"href":"https:\/\/www.europesays.com\/fr\/wp-json\/wp\/v2\/posts"}],"about":[{"href":"https:\/\/www.europesays.com\/fr\/wp-json\/wp\/v2\/types\/post"}],"author":[{"embeddable":true,"href":"https:\/\/www.europesays.com\/fr\/wp-json\/wp\/v2\/users\/2"}],"replies":[{"embeddable":true,"href":"https:\/\/www.europesays.com\/fr\/wp-json\/wp\/v2\/comments?post=325727"}],"version-history":[{"count":0,"href":"https:\/\/www.europesays.com\/fr\/wp-json\/wp\/v2\/posts\/325727\/revisions"}],"wp:featuredmedia":[{"embeddable":true,"href":"https:\/\/www.europesays.com\/fr\/wp-json\/wp\/v2\/media\/325728"}],"wp:attachment":[{"href":"https:\/\/www.europesays.com\/fr\/wp-json\/wp\/v2\/media?parent=325727"}],"wp:term":[{"taxonomy":"category","embeddable":true,"href":"https:\/\/www.europesays.com\/fr\/wp-json\/wp\/v2\/categories?post=325727"},{"taxonomy":"post_tag","embeddable":true,"href":"https:\/\/www.europesays.com\/fr\/wp-json\/wp\/v2\/tags?post=325727"}],"curies":[{"name":"wp","href":"https:\/\/api.w.org\/{rel}","templated":true}]}}