{"id":325729,"date":"2025-08-17T21:51:08","date_gmt":"2025-08-17T21:51:08","guid":{"rendered":"https:\/\/www.europesays.com\/fr\/325729\/"},"modified":"2025-08-17T21:51:08","modified_gmt":"2025-08-17T21:51:08","slug":"hockey-sur-glace-les-bruleurs-de-loups-lancent-parfaitement-leur-preparation-a-chamonix","status":"publish","type":"post","link":"https:\/\/www.europesays.com\/fr\/325729\/","title":{"rendered":"Hockey sur glace. Les Br\u00fbleurs de loups lancent parfaitement leur pr\u00e9paration \u00e0 Chamonix"},"content":{"rendered":"<p>Les Br\u00fbleurs de loups se sont d\u00e9plac\u00e9s ce vendredi soir pour leur premier match amical de leur pr\u00e9-saison \u00e0 Chamonix. Sur la patinoire des Pionniers, les joueurs de <a href=\"https:\/\/www.ledauphine.com\/p\/per-hanberg\" target=\"_blank\" rel=\"noopener\">Per Hanberg<\/a> et d\u2019Edo Terglav ont ramen\u00e9 la victoire et vont pouvoir passer le week-end avec la sensation du devoir accompli.<\/p>\n<p>Ce contenu est bloqu\u00e9 car vous n&rsquo;avez pas accept\u00e9 les cookies et autres traceurs.<\/p>\n<p>En cliquant sur \u00ab J\u2019accepte \u00bb, les cookies et autres traceurs seront d\u00e9pos\u00e9s et vous pourrez visualiser les contenus  (<a href=\"\" class=\"consentModule_policy\" target=\"_blank\" title=\"Consulter la politique de protection des donn\u00e9es du fournisseur\">plus d&rsquo;informations<\/a>).<\/p>\n<p>En cliquant sur \u00ab J\u2019accepte tous les cookies \u00bb, vous autorisez des d\u00e9p\u00f4ts de cookies et autres traceurs pour le stockage de vos donn\u00e9es sur nos sites et applications \u00e0 des fins de personnalisation et de ciblage publicitaire.<\/p>\n<p class=\"consentModule_secondaryText\">Vous gardez la possibilit\u00e9 de retirer votre consentement \u00e0 tout moment en consultant notre <a href=\"https:\/\/www.ledauphine.com\/protection-des-donnees\" target=\"_blank\" title=\"Consulter notre politique de protection des donn\u00e9es\" rel=\"noopener\">politique de protection des donn\u00e9es<\/a>. <br \/>&#13;<br \/>\n            <a href=\"https:\/\/www.ledauphine.com\/sport\/2025\/08\/16\/javascript:Didomi.notice.show()\" class=\"consentModule_cmp\" target=\"_blank\" rel=\"noopener\">G\u00e9rer mes choix<\/a>&#13;\n        <\/p>\n<p>&#13;<br \/>\n                        J&rsquo;accepte&#13;<br \/>\n            J&rsquo;accepte tous les cookies&#13;\n        <\/p>\n<p>Dans cette premi\u00e8re partie de la saison 2025\/2026, les Grenoblois sont repartis de la Haute-Savoie avec la victoire (5-2) et quelques certitudes. Dans le premier tiers-temps, Christophe Boivin (13e ), Pontus Englund (14e ) et Adel Koudri (15e ) ont rapidement mis les Grenoblois \u00e0 l\u2019abri.<\/p>\n<p>L\u2019attaquant fran\u00e7ais a m\u00eame r\u00e9alis\u00e9 un doubl\u00e9 (26e ) et Guillaume Leclerc a inscrit le 5e\u00a0et dernier but des Br\u00fbleurs de loups. Chamonix a inscrit deux buts dans le 2e\u00a0et 3e\u00a0tiers-temps. Pour les Br\u00fbleurs de loups, le top d\u00e9part de la saison est donn\u00e9.<\/p>\n","protected":false},"excerpt":{"rendered":"Les Br\u00fbleurs de loups se sont d\u00e9plac\u00e9s ce vendredi soir pour leur premier match amical de leur pr\u00e9-saison&hellip;\n","protected":false},"author":2,"featured_media":325730,"comment_status":"","ping_status":"","sticky":false,"template":"","format":"standard","meta":{"footnotes":""},"categories":[9566],"tags":[1111,11,2430,112,1777,674,1701,1011,27,2731,2732,4133,10145,108,12,25,517,1947],"class_list":{"0":"post-325729","1":"post","2":"type-post","3":"status-publish","4":"format-standard","5":"has-post-thumbnail","7":"category-grenoble","8":"tag-actu","9":"tag-actualites","10":"tag-auvergne-rhone-alpes","11":"tag-edition-grenoble-agglomeration","12":"tag-eu","13":"tag-europe","14":"tag-fil-info-sport","15":"tag-fr","16":"tag-france","17":"tag-grenoble","18":"tag-grenoble-bassin","19":"tag-hockey-sur-glace","20":"tag-hockey-sur-glace-grenoble","21":"tag-isere","22":"tag-news","23":"tag-republique-francaise","24":"tag-sport","25":"tag-sport-national"},"share_on_mastodon":{"url":"https:\/\/pubeurope.com\/@fr\/115046323712876337","error":""},"_links":{"self":[{"href":"https:\/\/www.europesays.com\/fr\/wp-json\/wp\/v2\/posts\/325729","targetHints":{"allow":["GET"]}}],"collection":[{"href":"https:\/\/www.europesays.com\/fr\/wp-json\/wp\/v2\/posts"}],"about":[{"href":"https:\/\/www.europesays.com\/fr\/wp-json\/wp\/v2\/types\/post"}],"author":[{"embeddable":true,"href":"https:\/\/www.europesays.com\/fr\/wp-json\/wp\/v2\/users\/2"}],"replies":[{"embeddable":true,"href":"https:\/\/www.europesays.com\/fr\/wp-json\/wp\/v2\/comments?post=325729"}],"version-history":[{"count":0,"href":"https:\/\/www.europesays.com\/fr\/wp-json\/wp\/v2\/posts\/325729\/revisions"}],"wp:featuredmedia":[{"embeddable":true,"href":"https:\/\/www.europesays.com\/fr\/wp-json\/wp\/v2\/media\/325730"}],"wp:attachment":[{"href":"https:\/\/www.europesays.com\/fr\/wp-json\/wp\/v2\/media?parent=325729"}],"wp:term":[{"taxonomy":"category","embeddable":true,"href":"https:\/\/www.europesays.com\/fr\/wp-json\/wp\/v2\/categories?post=325729"},{"taxonomy":"post_tag","embeddable":true,"href":"https:\/\/www.europesays.com\/fr\/wp-json\/wp\/v2\/tags?post=325729"}],"curies":[{"name":"wp","href":"https:\/\/api.w.org\/{rel}","templated":true}]}}