{"id":325731,"date":"2025-08-17T21:52:20","date_gmt":"2025-08-17T21:52:20","guid":{"rendered":"https:\/\/www.europesays.com\/fr\/325731\/"},"modified":"2025-08-17T21:52:20","modified_gmt":"2025-08-17T21:52:20","slug":"lille-et-vilaine-reste-en-vigilance-canicule","status":"publish","type":"post","link":"https:\/\/www.europesays.com\/fr\/325731\/","title":{"rendered":"l&rsquo;Ille-et-Vilaine reste en vigilance canicule"},"content":{"rendered":"<p>            Par<br \/>\n        <strong><br \/>\n            <a href=\"https:\/\/actu.fr\/auteur\/clemence-pays02-actu-fr\" title=\"Consulter tous les articles de Cl\u00e9mence Pays\" target=\"_blank\" rel=\"noopener\">Cl\u00e9mence Pays<\/a><br \/>\n        <\/strong><\/p>\n<p>        Publi\u00e9 le<\/p>\n<p>            17 ao\u00fbt 2025 \u00e0 6h06        <\/p>\n<p>\u00c7a continue. Une partie de la France fait face \u00e0 la canicule. Une situation qui <a href=\"https:\/\/actu.fr\/bretagne\/rennes_35238\/plus-de-30-c-attendus-meteo-france-maintient-rennes-et-l-ille-et-vilaine-en-vigilance-canicule_63042496.html\" target=\"_blank\" rel=\"noopener\">touche la Bretagne depuis plusieurs jours<\/a>. Ce dimanche 17\u00a0ao\u00fbt 2025, \u00ab\u2009l\u2019\u00e9pisode caniculaire se poursuit en raison d\u2019une <strong>masse d\u2019air tr\u00e8s chaude<\/strong> qui tend progressivement \u00e0 se r\u00e9tracter vers la fa\u00e7ade atlantique\u2009\u00bb, indique M\u00e9t\u00e9o France.<\/p>\n<p class=\" wall-content\">Pour cette raison, les temp\u00e9ratures resteront \u00e9lev\u00e9es en Ille-et-Vilaine. Le d\u00e9partement est donc maintenu en <strong>vigilance jaune canicule jusqu\u2019\u00e0 22h.<\/strong><\/p>\n<p>Les gestes \u00e0 conna\u00eetre<\/p>\n<p class=\" wall-content\">\u00c0 <a href=\"https:\/\/actu.fr\/rennes\/\" target=\"_blank\" rel=\"noopener\">Rennes<\/a>, il fera <strong>32\u00a0\u00b0C<\/strong> au plus fort de la journ\u00e9e. \u00c0 <a href=\"https:\/\/actu.fr\/le-journal-de-vitre\/\" target=\"_blank\" rel=\"noopener\">Vitr\u00e9<\/a> et <a href=\"https:\/\/actu.fr\/la-chronique-republicaine\/\" target=\"_blank\" rel=\"noopener\">Foug\u00e8res<\/a>, le mercure montera jusqu\u2019\u00e0 <strong>31\u00a0\u00b0C.<\/strong> \u00c0 <a href=\"https:\/\/actu.fr\/le-pays-malouin\/\" target=\"_blank\" rel=\"noopener\">Saint-Malo<\/a>, les temp\u00e9ratures ne d\u00e9passeront pas les <strong>29\u00a0\u00b0C<\/strong> et le vent sera toujours pr\u00e9sent avec des <strong>rafales \u00e0 50\u00a0km\/h.<\/strong><\/p>\n<p class=\" wall-content\">Pendant une canicule, le site <a href=\"https:\/\/sante.gouv.fr\/sante-et-environnement\/risques-climatiques\/article\/les-recommandations-en-cas-de-vague-de-chaleur\" target=\"_blank\" rel=\"noopener\">sante.gouv<\/a> rappelle qu\u2019il est n\u00e9cessaire de\u2009:<\/p>\n<ul class=\" wall-content\">\n<li><strong>boire r\u00e9guli\u00e8rement de l\u2019eau\u2009;<\/strong><\/li>\n<li><strong>mouiller son corps et se ventiler\u2009;<\/strong><\/li>\n<li>manger en quantit\u00e9 suffisante\u2009;<\/li>\n<li>\u00e9viter les efforts physiques\u2009;<\/li>\n<li>ne pas boire d\u2019alcool\u2009;<\/li>\n<li><strong>maintenir son habitation au frais<\/strong> en fermant les volets le jour et en a\u00e9rant la nuit si les temp\u00e9ratures sont inf\u00e9rieures \u00e0 celles de la journ\u00e9e\u2009;<\/li>\n<li>passer du temps dans un endroit frais (cin\u00e9ma, biblioth\u00e8que, supermarch\u00e9\u2026) ;<\/li>\n<li>donner et <strong>prendre des nouvelles de ses proches.<\/strong><\/li>\n<\/ul>\n<p class=\" wall-content\">Suivez toute l\u2019actualit\u00e9 de vos villes et m\u00e9dias favoris en vous inscrivant \u00e0 <a href=\"https:\/\/moncompte.actu.fr\" title=\"D\u00e9couvez Mon Actu\" rel=\"nofollow noopener\" data-trk=\"{&quot;cta&quot;:{&quot;action&quot;:&quot;https:\\\/\\\/moncompte.actu.fr&quot;,&quot;category&quot;:&quot;mon compte&quot;,&quot;from&quot;:&quot;article footer&quot;,&quot;name&quot;:&quot;Mon actu&quot;,&quot;type&quot;:&quot;cta&quot;}}\" target=\"_blank\">Mon Actu<\/a>.<\/p>\n","protected":false},"excerpt":{"rendered":"Par Cl\u00e9mence Pays Publi\u00e9 le 17 ao\u00fbt 2025 \u00e0 6h06 \u00c7a continue. Une partie de la France fait&hellip;\n","protected":false},"author":2,"featured_media":325732,"comment_status":"","ping_status":"","sticky":false,"template":"","format":"standard","meta":{"footnotes":""},"categories":[2821],"tags":[1111,11,829,6698,1777,674,1011,27,2487,2357,12,584,25],"class_list":{"0":"post-325731","1":"post","2":"type-post","3":"status-publish","4":"format-standard","5":"has-post-thumbnail","7":"category-rennes","8":"tag-actu","9":"tag-actualites","10":"tag-bretagne","11":"tag-canicule","12":"tag-eu","13":"tag-europe","14":"tag-fr","15":"tag-france","16":"tag-meteo","17":"tag-meteo-france","18":"tag-news","19":"tag-rennes","20":"tag-republique-francaise"},"share_on_mastodon":{"url":"https:\/\/pubeurope.com\/@fr\/115046327514162403","error":""},"_links":{"self":[{"href":"https:\/\/www.europesays.com\/fr\/wp-json\/wp\/v2\/posts\/325731","targetHints":{"allow":["GET"]}}],"collection":[{"href":"https:\/\/www.europesays.com\/fr\/wp-json\/wp\/v2\/posts"}],"about":[{"href":"https:\/\/www.europesays.com\/fr\/wp-json\/wp\/v2\/types\/post"}],"author":[{"embeddable":true,"href":"https:\/\/www.europesays.com\/fr\/wp-json\/wp\/v2\/users\/2"}],"replies":[{"embeddable":true,"href":"https:\/\/www.europesays.com\/fr\/wp-json\/wp\/v2\/comments?post=325731"}],"version-history":[{"count":0,"href":"https:\/\/www.europesays.com\/fr\/wp-json\/wp\/v2\/posts\/325731\/revisions"}],"wp:featuredmedia":[{"embeddable":true,"href":"https:\/\/www.europesays.com\/fr\/wp-json\/wp\/v2\/media\/325732"}],"wp:attachment":[{"href":"https:\/\/www.europesays.com\/fr\/wp-json\/wp\/v2\/media?parent=325731"}],"wp:term":[{"taxonomy":"category","embeddable":true,"href":"https:\/\/www.europesays.com\/fr\/wp-json\/wp\/v2\/categories?post=325731"},{"taxonomy":"post_tag","embeddable":true,"href":"https:\/\/www.europesays.com\/fr\/wp-json\/wp\/v2\/tags?post=325731"}],"curies":[{"name":"wp","href":"https:\/\/api.w.org\/{rel}","templated":true}]}}