{"id":325733,"date":"2025-08-17T21:53:09","date_gmt":"2025-08-17T21:53:09","guid":{"rendered":"https:\/\/www.europesays.com\/fr\/325733\/"},"modified":"2025-08-17T21:53:09","modified_gmt":"2025-08-17T21:53:09","slug":"rennes-fonce-sur-esteban-lepaul","status":"publish","type":"post","link":"https:\/\/www.europesays.com\/fr\/325733\/","title":{"rendered":"Rennes fonce sur Est\u00e9ban Lepaul !"},"content":{"rendered":"<p>Auteur d\u2019une saison 2024-25 remarquable et pleine de promesses o\u00f9 il a termin\u00e9 meilleur buteur du club avec 13 r\u00e9alisations, <a href=\"https:\/\/www.footmercato.net\/joueur\/esteban-lepaul\/\" rel=\"nofollow noopener\" target=\"_blank\">Est\u00e9ban Lepaul<\/a> avait logiquement prolong\u00e9 son bail avec <a href=\"https:\/\/www.footmercato.net\/club\/angers-sco\/\" rel=\"nofollow noopener\" target=\"_blank\">Angers<\/a> jusqu\u2019en 2028 d\u00e9but juin. Fer de lance du SCO, l\u2019attaquant de 25 ans n\u00e9 \u00e0 Auxerre a commenc\u00e9 la saison tambour battant en marquant le seul but de son \u00e9quipe face au Paris FC ce dimanche. <\/p>\n<p>            La suite apr\u00e8s cette publicit\u00e9<\/p>\n<p>En constante progression, le fils du regrett\u00e9 Fabrice Lepaul voit sa cote monter en fl\u00e8che en cette fin de mercato. Selon nos informations, le Stade Rennais en a fait sa priorit\u00e9 offensive pour succ\u00e9der \u00e0 Arnaud Kalimuendo parti \u00e0 Nottingham Forest. Et Lo\u00efc D\u00e9sir\u00e9 a d\u00e9j\u00e0 d\u00e9gain\u00e9 une premi\u00e8re offre de transfert \u00e0 hauteur de 10 M\u20ac. Une proposition qui a \u00e9t\u00e9 recal\u00e9e par la formation angevine qui en r\u00e9clame plus du double. Pas de quoi freiner les ardeurs du club breton qui a pr\u00e9vu une nouvelle r\u00e9union avec Angers dans les prochains jours. Ce dossier est loin d\u2019\u00eatre termin\u00e9. <\/p>\n<p>\n    Pub. le 17\/08\/2025 23:08<br \/>\n            &#8211; MAJ le 17\/08\/2025 23:22\n    <\/p>\n","protected":false},"excerpt":{"rendered":"Auteur d\u2019une saison 2024-25 remarquable et pleine de promesses o\u00f9 il a termin\u00e9 meilleur buteur du club avec&hellip;\n","protected":false},"author":2,"featured_media":325734,"comment_status":"","ping_status":"","sticky":false,"template":"","format":"standard","meta":{"footnotes":""},"categories":[2821],"tags":[1111,11,829,1777,674,1011,27,12,584,25],"class_list":{"0":"post-325733","1":"post","2":"type-post","3":"status-publish","4":"format-standard","5":"has-post-thumbnail","7":"category-rennes","8":"tag-actu","9":"tag-actualites","10":"tag-bretagne","11":"tag-eu","12":"tag-europe","13":"tag-fr","14":"tag-france","15":"tag-news","16":"tag-rennes","17":"tag-republique-francaise"},"share_on_mastodon":{"url":"https:\/\/pubeurope.com\/@fr\/115046331389116245","error":""},"_links":{"self":[{"href":"https:\/\/www.europesays.com\/fr\/wp-json\/wp\/v2\/posts\/325733","targetHints":{"allow":["GET"]}}],"collection":[{"href":"https:\/\/www.europesays.com\/fr\/wp-json\/wp\/v2\/posts"}],"about":[{"href":"https:\/\/www.europesays.com\/fr\/wp-json\/wp\/v2\/types\/post"}],"author":[{"embeddable":true,"href":"https:\/\/www.europesays.com\/fr\/wp-json\/wp\/v2\/users\/2"}],"replies":[{"embeddable":true,"href":"https:\/\/www.europesays.com\/fr\/wp-json\/wp\/v2\/comments?post=325733"}],"version-history":[{"count":0,"href":"https:\/\/www.europesays.com\/fr\/wp-json\/wp\/v2\/posts\/325733\/revisions"}],"wp:featuredmedia":[{"embeddable":true,"href":"https:\/\/www.europesays.com\/fr\/wp-json\/wp\/v2\/media\/325734"}],"wp:attachment":[{"href":"https:\/\/www.europesays.com\/fr\/wp-json\/wp\/v2\/media?parent=325733"}],"wp:term":[{"taxonomy":"category","embeddable":true,"href":"https:\/\/www.europesays.com\/fr\/wp-json\/wp\/v2\/categories?post=325733"},{"taxonomy":"post_tag","embeddable":true,"href":"https:\/\/www.europesays.com\/fr\/wp-json\/wp\/v2\/tags?post=325733"}],"curies":[{"name":"wp","href":"https:\/\/api.w.org\/{rel}","templated":true}]}}