{"id":325737,"date":"2025-08-17T21:58:12","date_gmt":"2025-08-17T21:58:12","guid":{"rendered":"https:\/\/www.europesays.com\/fr\/325737\/"},"modified":"2025-08-17T21:58:12","modified_gmt":"2025-08-17T21:58:12","slug":"m-le-procureur-de-la-republique-de-nice-vous-navez-pas-honte","status":"publish","type":"post","link":"https:\/\/www.europesays.com\/fr\/325737\/","title":{"rendered":"M. le procureur de la R\u00e9publique de Nice : vous n&rsquo;avez pas honte ?"},"content":{"rendered":"<p class=\"center\"><strong>Lettre ouverte \u00e0 M. le procureur de la R\u00e9publique de Nice, etc.<\/strong><\/p>\n<p>        Agrandir l\u2019image : Illustration 1<\/p>\n<p class=\"center\"><strong>\u00a0Photo ci-dessus : le tribunal judiciaire de Nice<\/strong><\/p>\n<p class=\"center\"><strong>MONSIEUR LE PROCUREUR DE LA R\u00c9PUBLIQUE DE NICE : VOUS N\u2019AVEZ\u00a0<\/strong><strong>JAMAIS RESPECT\u00c9 LA LOI AU MOINS POUR MOI : VOUS N\u2019AVEZ PAS HONTE\u00a0?<\/strong><\/p>\n<p><strong>Lucien JEWCZUK<\/strong><\/p>\n<p class=\"right\"><strong>Monsieur le procureur de la R\u00e9publique de Nice<\/strong><\/p>\n<p>Monsieur le procureur de la R\u00e9publique,<\/p>\n<p>Vous n\u2019avez jamais respect\u00e9 la loi depuis mon premier d\u00e9p\u00f4t de plainte \u00e0 vous le 12\/10\/2023 car vous n\u2019avez jamais enregistr\u00e9 aucune de celles-ci\u00a0: qui vous permettez-vous alors ainsi de prot\u00e9ger contrairement \u00e0 ce que pr\u00e9voit la loi ?<\/p>\n<p>La victime d\u2019abus, d\u2019ill\u00e9galit\u00e9s, de d\u00e9lits et de crimes en psychiatrie incontestables que j&rsquo;ai \u00e9t\u00e9 du 01\/12\/2023 au 11\/01\/2024 ou les psys, les directeurs d&rsquo;h\u00f4pitaux, l&rsquo;\u00c9tat, etc. ?\u00a0<\/p>\n<p>Je vous rappelle la loi\u00a0:<\/p>\n<p>Lorsqu&rsquo;un procureur de la R\u00e9publique re\u00e7oit une plainte, il doit d&rsquo;abord l&rsquo;enregistrer.\u00a0Selon l&rsquo;\u00a0<a href=\"https:\/\/www.legifrance.gouv.fr\/codes\/article_lc\/LEGIARTI000038311441\" target=\"_blank\" rel=\"noopener noreferrer nofollow\">article 15-3 du Code de proc\u00e9dure p\u00e9nale<\/a>, tout d\u00e9p\u00f4t de plainte doit faire l\u2019objet d\u2019un proc\u00e8s-verbal et donne lieu \u00e0 la d\u00e9livrance d\u2019un r\u00e9c\u00e9piss\u00e9 \u00e0 la victime. Ce r\u00e9c\u00e9piss\u00e9 constitue un accus\u00e9 de r\u00e9ception qui atteste que la plainte a bien \u00e9t\u00e9 re\u00e7ue et enregistr\u00e9e.<\/p>\n<p>Cet accus\u00e9 de r\u00e9ception judiciaire est diff\u00e9rent de l&rsquo;accus\u00e9 de r\u00e9ception postal.\u00a0L&rsquo;accus\u00e9 de r\u00e9ception judiciaire, d\u00e9livr\u00e9 par le procureur ou ses services, est un document officiel qui confirme la r\u00e9ception de la plainte et mentionne les d\u00e9lais de prescription de l&rsquo;action publique. En revanche, l&rsquo;accus\u00e9 de r\u00e9ception de la Poste est un document qui prouve que le courrier a \u00e9t\u00e9 re\u00e7u par le destinataire, sans les sp\u00e9cificit\u00e9s juridiques li\u00e9es \u00e0 la plainte.<\/p>\n<p>Vous ne m\u2019avez jamais communiqu\u00e9 les raisons juridiques de ce refus d&rsquo;enregistrement pour aucune de mes plaintes depuis le 12\/10\/2023 car celles-ci m\u00eame si je ne suis pas juriste \u00e0 ce sujet n\u2019existent pas pour votre propre d\u00e9fense.<\/p>\n<p>Je me permets de vous demander entre quatre yeux\u00a0: vous n&rsquo;avez pas honte d\u2019agir alors ainsi\u00a0?\u00a0<\/p>\n<p>Je vous prie de r\u00e9v\u00e9ler aux m\u00e9dias les ill\u00e9galit\u00e9s, les abus, les d\u00e9lits et les crimes incontestables\u00a0dont j\u2019ai \u00e9t\u00e9 victime en psychiatrie du 01\/12\/2023 au 11\/01\/2024 et pour lesquels vous tenez \u00e0 prot\u00e9ger mes abuseurs psy justement \u00e0 ce sujet.<\/p>\n<p>Copie pour le M. le pr\u00e9sident de la R\u00e9publique, etc.<\/p>\n<p>Recevez, Monsieur le procureur de la R\u00e9publique, mes salutations.<\/p>\n<p class=\"right\"><strong>Le 17 ao\u00fbt 2028,<\/strong><\/p>\n<p class=\"right\"><strong>Lucien JEWCZUK<\/strong><\/p>\n<p class=\"left\"><strong>Pi\u00e8ces jointes : trois avis de la CADA<\/strong><\/p>\n","protected":false},"excerpt":{"rendered":"Lettre ouverte \u00e0 M. le procureur de la R\u00e9publique de Nice, etc. Agrandir l\u2019image : Illustration 1 \u00a0Photo&hellip;\n","protected":false},"author":2,"featured_media":309178,"comment_status":"","ping_status":"","sticky":false,"template":"","format":"standard","meta":{"footnotes":""},"categories":[2819],"tags":[1111,11,1777,674,1011,27,12,2401,882,25],"class_list":{"0":"post-325737","1":"post","2":"type-post","3":"status-publish","4":"format-standard","5":"has-post-thumbnail","7":"category-nice","8":"tag-actu","9":"tag-actualites","10":"tag-eu","11":"tag-europe","12":"tag-fr","13":"tag-france","14":"tag-news","15":"tag-nice","16":"tag-provence-alpes-cote-dazur","17":"tag-republique-francaise"},"share_on_mastodon":{"url":"https:\/\/pubeurope.com\/@fr\/115046351042251317","error":""},"_links":{"self":[{"href":"https:\/\/www.europesays.com\/fr\/wp-json\/wp\/v2\/posts\/325737","targetHints":{"allow":["GET"]}}],"collection":[{"href":"https:\/\/www.europesays.com\/fr\/wp-json\/wp\/v2\/posts"}],"about":[{"href":"https:\/\/www.europesays.com\/fr\/wp-json\/wp\/v2\/types\/post"}],"author":[{"embeddable":true,"href":"https:\/\/www.europesays.com\/fr\/wp-json\/wp\/v2\/users\/2"}],"replies":[{"embeddable":true,"href":"https:\/\/www.europesays.com\/fr\/wp-json\/wp\/v2\/comments?post=325737"}],"version-history":[{"count":0,"href":"https:\/\/www.europesays.com\/fr\/wp-json\/wp\/v2\/posts\/325737\/revisions"}],"wp:featuredmedia":[{"embeddable":true,"href":"https:\/\/www.europesays.com\/fr\/wp-json\/wp\/v2\/media\/309178"}],"wp:attachment":[{"href":"https:\/\/www.europesays.com\/fr\/wp-json\/wp\/v2\/media?parent=325737"}],"wp:term":[{"taxonomy":"category","embeddable":true,"href":"https:\/\/www.europesays.com\/fr\/wp-json\/wp\/v2\/categories?post=325737"},{"taxonomy":"post_tag","embeddable":true,"href":"https:\/\/www.europesays.com\/fr\/wp-json\/wp\/v2\/tags?post=325737"}],"curies":[{"name":"wp","href":"https:\/\/api.w.org\/{rel}","templated":true}]}}