{"id":325740,"date":"2025-08-17T22:03:11","date_gmt":"2025-08-17T22:03:11","guid":{"rendered":"https:\/\/www.europesays.com\/fr\/325740\/"},"modified":"2025-08-17T22:03:11","modified_gmt":"2025-08-17T22:03:11","slug":"la-star-de-bordeaux-sen-prend-a-john-williams","status":"publish","type":"post","link":"https:\/\/www.europesays.com\/fr\/325740\/","title":{"rendered":"La star de Bordeaux s&rsquo;en prend \u00e0 John Williams"},"content":{"rendered":"<p><strong>Les Girondins de Bordeaux sont au coeur d&rsquo;une pol\u00e9mique depuis quelques heures. Au coeur du sujet, le sort r\u00e9serv\u00e9 \u00e0 son joueur, Etienne Beugre.\u00a0<\/strong><\/p>\n<p><a href=\"https:\/\/www.foot01.com\/equipe\/bordeaux\/\" rel=\"nofollow noopener\" target=\"_blank\">Bordeaux<\/a> est reparti pour un tour en National 2. Les Girondins esp\u00e8rent bien monter \u00e0 l&rsquo;\u00e9chelon sup\u00e9rieur en fin de saison. Pour cela, les dirigeants bordelais veulent pouvoir compter sur des joueurs 100% investis dans le projet. Ces derni\u00e8res heures, une pol\u00e9mique a \u00e9clat\u00e9 au sujet d&rsquo;Etienne Beugre. L&rsquo;attaquant girondin, plus gros salaire du club avec 10 000 euros brut par mois, est en effet bloqu\u00e9 dans son pays, la C\u00f4te d&rsquo;Ivoire. Et il en a gros contre le directeur sportif du club au scapulaire, John Williams.\u00a0<\/p>\n<p>Etienne Beugre sort du silence\u00a0<\/p>\n<blockquote class=\"instagram-media\" data-instgrm-captioned=\"\" data-instgrm-permalink=\"https:\/\/www.instagram.com\/p\/DMtI7tqiHmi\/?utm_source=ig_embed&amp;utm_campaign=loading\" data-instgrm-version=\"14\" style=\"background: #FFF; border: 0; border-radius: 3px; box-shadow: 0 0 1px 0 rgba(0,0,0,0.5),0 1px 10px 0 rgba(0,0,0,0.15); margin: 1px; max-width: 540px; min-width: 326px; padding: 0; width: calc(100% - 2px);\"><p>&#13;<br \/>\n&#13;\n<\/p><\/blockquote>\n<p>Etienne Beugre a m\u00eame d\u00fb s&rsquo;exprimer sur ses r\u00e9seaux sociaux pour clarifier sa situation qui fait logiquement beaucoup parler \u00e0 Bordeaux. En story Instagram est notamment marqu\u00e9 :\u00a0\u00ab\u00a0Pr\u00eat \u00e0 aider mes co\u00e9quipiers ! J&rsquo;attends depuis 40 jours que le directeur John Williams m&rsquo;envoie les documents n\u00e9cessaires pour mon visa de travail \u00e0 l&rsquo;ambassade de France \u00e0 Abidjan ! Je sais que je peux aider l&rsquo;\u00e9quipe et que je suis pay\u00e9 pour \u00e7a ! Loin des yeux pr\u00e8s du c\u0153ur\u00a0\u00bb.\u00a0Pour rappel,\u00a0Beugre ne fait plus partie des plans de Bruno Irles. Cependant, le joueur veut honorer son contrat \u00e0 Bordeaux, qui court encore jusqu&rsquo;en juin 2026. Une solution devra \u00eatre rapidement trouv\u00e9e, alors que le mercato fermera ses portes dans les prochaines semaines. En attendant d&rsquo;en savoir plus dans ce dossier, les Girondins de Bordeaux n&rsquo;ont pu faire mieux que match nul 0 \u00e0 0 face \u00e0 Avranches ce samedi pour leur d\u00e9but en National 2. Le club a cruellement besoin de trouver une valeur s\u00fbre en attaque. Beugre pourrait rendre des services m\u00eame si son sort semble scell\u00e9.\u00a0<\/p>\n<p>          <script async src=\"\/\/www.instagram.com\/embed.js\"><\/script><\/p>\n","protected":false},"excerpt":{"rendered":"Les Girondins de Bordeaux sont au coeur d&rsquo;une pol\u00e9mique depuis quelques heures. Au coeur du sujet, le sort&hellip;\n","protected":false},"author":2,"featured_media":325741,"comment_status":"","ping_status":"","sticky":false,"template":"","format":"standard","meta":{"footnotes":""},"categories":[2817],"tags":[1111,11,1997,1777,674,1011,27,12,2219,25],"class_list":{"0":"post-325740","1":"post","2":"type-post","3":"status-publish","4":"format-standard","5":"has-post-thumbnail","7":"category-bordeaux","8":"tag-actu","9":"tag-actualites","10":"tag-bordeaux","11":"tag-eu","12":"tag-europe","13":"tag-fr","14":"tag-france","15":"tag-news","16":"tag-nouvelle-aquitaine","17":"tag-republique-francaise"},"share_on_mastodon":{"url":"https:\/\/pubeurope.com\/@fr\/115046370721081808","error":""},"_links":{"self":[{"href":"https:\/\/www.europesays.com\/fr\/wp-json\/wp\/v2\/posts\/325740","targetHints":{"allow":["GET"]}}],"collection":[{"href":"https:\/\/www.europesays.com\/fr\/wp-json\/wp\/v2\/posts"}],"about":[{"href":"https:\/\/www.europesays.com\/fr\/wp-json\/wp\/v2\/types\/post"}],"author":[{"embeddable":true,"href":"https:\/\/www.europesays.com\/fr\/wp-json\/wp\/v2\/users\/2"}],"replies":[{"embeddable":true,"href":"https:\/\/www.europesays.com\/fr\/wp-json\/wp\/v2\/comments?post=325740"}],"version-history":[{"count":0,"href":"https:\/\/www.europesays.com\/fr\/wp-json\/wp\/v2\/posts\/325740\/revisions"}],"wp:featuredmedia":[{"embeddable":true,"href":"https:\/\/www.europesays.com\/fr\/wp-json\/wp\/v2\/media\/325741"}],"wp:attachment":[{"href":"https:\/\/www.europesays.com\/fr\/wp-json\/wp\/v2\/media?parent=325740"}],"wp:term":[{"taxonomy":"category","embeddable":true,"href":"https:\/\/www.europesays.com\/fr\/wp-json\/wp\/v2\/categories?post=325740"},{"taxonomy":"post_tag","embeddable":true,"href":"https:\/\/www.europesays.com\/fr\/wp-json\/wp\/v2\/tags?post=325740"}],"curies":[{"name":"wp","href":"https:\/\/api.w.org\/{rel}","templated":true}]}}