{"id":325748,"date":"2025-08-17T22:09:17","date_gmt":"2025-08-17T22:09:17","guid":{"rendered":"https:\/\/www.europesays.com\/fr\/325748\/"},"modified":"2025-08-17T22:09:17","modified_gmt":"2025-08-17T22:09:17","slug":"dautres-details-sur-les-tensions-du-vestiaire-apres-la-defaite","status":"publish","type":"post","link":"https:\/\/www.europesays.com\/fr\/325748\/","title":{"rendered":"D&rsquo;autres d\u00e9tails sur les tensions du vestiaire apr\u00e8s la d\u00e9faite !"},"content":{"rendered":"<p><strong>Le revers conc\u00e9d\u00e9 par l\u2019Olympique de Marseille \u00e0 Rennes (1-0), vendredi soir, a laiss\u00e9 des traces bien au-del\u00e0 du rectangle vert. Selon les informations r\u00e9v\u00e9l\u00e9es par L\u2019\u00c9quipe ce dimanche, de vives tensions ont \u00e9clat\u00e9 dans le vestiaire phoc\u00e9en, r\u00e9v\u00e9lant une fracture naissante au sein du groupe d\u00e8s la premi\u00e8re journ\u00e9e de Ligue 1.<\/strong><\/p>\n<p>\u00a0<\/p>\n<p>Au centre des tensions : <strong>Jonathan Rowe<\/strong>, critiqu\u00e9 par plusieurs cadres de l\u2019\u00e9quipe pour son implication jug\u00e9e insuffisante. <strong>Leonardo Balerdi, Pierre-Emile H\u00f6jbjerg et Adrien Rabiot<\/strong> auraient tous exprim\u00e9 leur frustration \u00e0 l\u2019issue du match, pointant l\u2019attitude de certains co\u00e9quipiers. Rowe, visiblement touch\u00e9, l\u2019aurait pris pour lui \u2013 une r\u00e9action qui a rapidement d\u00e9g\u00e9n\u00e9r\u00e9.<\/p>\n<p>Selon le quotidien sportif, <strong>le ton est mont\u00e9 entre Rowe et Rabiot<\/strong>, jusqu\u2019\u00e0 ce que les deux joueurs se retrouvent front contre front. Il a fallu l\u2019intervention de <strong>Roberto De Zerbi et de Mehdi Benatia<\/strong> pour d\u00e9samorcer la situation et \u00e9viter que l\u2019altercation ne prenne une tournure plus grave.<\/p>\n<p>\u00a0<\/p>\n<p>A lire :\u00a0<a href=\"https:\/\/www.footballclubdemarseille.fr\/mercato-om\/mercato-om-les-dernieres-infos-italiennes-pour-zegrova.html#google_vignette\" target=\"_blank\" rel=\"noopener nofollow\">Mercato OM : Les derni\u00e8res infos italiennes pour Zegrova !<\/a><\/p>\n<p>Rowe s\u2019est senti vis\u00e9\u2026<\/p>\n<p>\u00a0<\/p>\n<p>Des propos lourds de sens auraient \u00e9t\u00e9 \u00e9chang\u00e9s dans le vestiaire :<\/p>\n<blockquote>\n<p>\u00ab Si Adri te dit quelque chose, c\u2019est pour t\u2019aider ou t\u2019attaquer ? Dis la v\u00e9rit\u00e9. \u00bb<br \/>\u00ab On a des grosses couilles ici. Les couilles, c\u2019est dehors, sur le terrain, pas dans le vestiaire. On peut se dire les choses de mani\u00e8re plus tranquille, utile et correcte que \u201cfils de pute\u201d. \u00bb<\/p>\n<\/blockquote>\n<p>Ces paroles t\u00e9moignent <strong>d\u2019une ambiance d\u00e9j\u00e0 \u00e9lectrique<\/strong>, alors m\u00eame que la saison vient tout juste de d\u00e9buter. Rien non plus d\u2019alarmant, surtout une grosse frustration apr\u00e8s une d\u00e9faite conc\u00e9d\u00e9e dans les arr\u00eats de jeu alors que Rennes a \u00e9volu\u00e9 \u00e0 10 contre 11 depuis la 30e minute\u2026<\/p>\n<p>Pour Jonathan Rowe, cette situation pourrait pr\u00e9cipiter un d\u00e9part. L\u2019ailier anglais semble \u00eatre un \u00e9l\u00e9ment important dans l\u2019optique de faire rentrer de l\u2019argent afin de finaliser plusieurs dossiers importants (<a href=\"https:\/\/www.footballclubdemarseille.fr\/om-actualites\/mercato-om-ca-saccelere-pour-joel-ordonez.html\" target=\"_blank\" rel=\"noopener nofollow\">Ordonez<\/a>, Zegrova, un lat\u00e9ral gauche\u2026)<\/p>\n<p>\u00a0<\/p>\n<p>Dans ce contexte, <strong>le duo Longoria\u2013Benatia est sous pression<\/strong> pour calmer les esprits et pr\u00e9server l\u2019unit\u00e9 du vestiaire. L\u2019OM, d\u00e9j\u00e0 battu sportivement, doit d\u00e9sormais g\u00e9rer une premi\u00e8re crise en interne. Et celle-ci, si elle n\u2019est pas rapidement \u00e9touff\u00e9e, pourrait peser lourd sur la suite de la saison.<\/p>\n","protected":false},"excerpt":{"rendered":"Le revers conc\u00e9d\u00e9 par l\u2019Olympique de Marseille \u00e0 Rennes (1-0), vendredi soir, a laiss\u00e9 des traces bien au-del\u00e0&hellip;\n","protected":false},"author":2,"featured_media":320315,"comment_status":"","ping_status":"","sticky":false,"template":"","format":"standard","meta":{"footnotes":""},"categories":[2814],"tags":[1111,11,1777,674,1011,27,884,12,882,25],"class_list":{"0":"post-325748","1":"post","2":"type-post","3":"status-publish","4":"format-standard","5":"has-post-thumbnail","7":"category-marseille","8":"tag-actu","9":"tag-actualites","10":"tag-eu","11":"tag-europe","12":"tag-fr","13":"tag-france","14":"tag-marseille","15":"tag-news","16":"tag-provence-alpes-cote-dazur","17":"tag-republique-francaise"},"share_on_mastodon":{"url":"https:\/\/pubeurope.com\/@fr\/115046394442134566","error":""},"_links":{"self":[{"href":"https:\/\/www.europesays.com\/fr\/wp-json\/wp\/v2\/posts\/325748","targetHints":{"allow":["GET"]}}],"collection":[{"href":"https:\/\/www.europesays.com\/fr\/wp-json\/wp\/v2\/posts"}],"about":[{"href":"https:\/\/www.europesays.com\/fr\/wp-json\/wp\/v2\/types\/post"}],"author":[{"embeddable":true,"href":"https:\/\/www.europesays.com\/fr\/wp-json\/wp\/v2\/users\/2"}],"replies":[{"embeddable":true,"href":"https:\/\/www.europesays.com\/fr\/wp-json\/wp\/v2\/comments?post=325748"}],"version-history":[{"count":0,"href":"https:\/\/www.europesays.com\/fr\/wp-json\/wp\/v2\/posts\/325748\/revisions"}],"wp:featuredmedia":[{"embeddable":true,"href":"https:\/\/www.europesays.com\/fr\/wp-json\/wp\/v2\/media\/320315"}],"wp:attachment":[{"href":"https:\/\/www.europesays.com\/fr\/wp-json\/wp\/v2\/media?parent=325748"}],"wp:term":[{"taxonomy":"category","embeddable":true,"href":"https:\/\/www.europesays.com\/fr\/wp-json\/wp\/v2\/categories?post=325748"},{"taxonomy":"post_tag","embeddable":true,"href":"https:\/\/www.europesays.com\/fr\/wp-json\/wp\/v2\/tags?post=325748"}],"curies":[{"name":"wp","href":"https:\/\/api.w.org\/{rel}","templated":true}]}}