{"id":325749,"date":"2025-08-17T22:10:15","date_gmt":"2025-08-17T22:10:15","guid":{"rendered":"https:\/\/www.europesays.com\/fr\/325749\/"},"modified":"2025-08-17T22:10:15","modified_gmt":"2025-08-17T22:10:15","slug":"west-fest-radio-scoop","status":"publish","type":"post","link":"https:\/\/www.europesays.com\/fr\/325749\/","title":{"rendered":"West Fest &#8211; Radio SCOOP"},"content":{"rendered":"<p>Rendez-vous mardi 2 septembre, \u00e0 21h, au Bistrot \u00e0 l&rsquo;Ouest Lyon, OL Vall\u00e9e.<\/p>\n<p>Dans le cadre du <b>festival West Fest<\/b>, venez d\u00e9couvrir et soutenir la <b>sc\u00e8ne locale de l&rsquo;humour<\/b> ! Des artistes 100 % lyonnais\u00b7es, des talents du cru \u00e0 ne pas manquer !<\/p>\n<p>Venez prendre votre dose d&rsquo;humour le temps d&rsquo;une soir\u00e9e avec 5 artistes au talent naissant ! Venez chiller dans une ambiance Comedy Club pour un moment unique au Bistrot \u00e0 l&rsquo;Ouest.<\/p>\n<p>Rendez-vous mardi 2 septembre, \u00e0 21h, <br \/>au Bistrot \u00e0 l&rsquo;Ouest Lyon, OL Vall\u00e9e<\/p>\n<p>Infos pratiques : <br \/>&#8211; Adresse : Th\u00e9\u00e2tre \u00e0 l&rsquo;Ouest, P\u00f4le de Loisirs OL Vall\u00e9e, 2, avenue Simone Veil, 69150 D\u00e9cines Charpieu<br \/>&#8211; Tarif unique : 12 euros <\/p>\n<p>Plus d&rsquo;infos et billetterie sur le site <a class=\"url\" href=\"https:\/\/theatrealouest.com\/lyon\/spectacle\/reserver-places\/chill-comedy-club-west-fest-artistes-100-lyonnaise-es\" target=\"_blank\" rel=\"noopener\">Th\u00e9\u00e2tre \u00e0 l&rsquo;Ouest<\/a>.<\/p>\n<p>Radio SCOOP est partenaire de l&rsquo;\u00e9v\u00e8nement<\/p>\n<tr>\n<td class=\"defaut\"><a href=\"https:\/\/www.radioscoop.com\/agenda\/javascript:void(0)\" onclick=\"parent.RS.diaporama.addMedia(702418) ;\" target=\"_blank\" rel=\"noopener\"><img loading=\"lazy\" decoding=\"async\" src=\"https:\/\/www.europesays.com\/fr\/wp-content\/uploads\/2025\/08\/1755468615_989_img\" width=\"452\" height=\"640\" border=\"0\" title=\"West Fest\"\/><\/a><\/td>\n<\/tr>\n<p><\/p>\n","protected":false},"excerpt":{"rendered":"Rendez-vous mardi 2 septembre, \u00e0 21h, au Bistrot \u00e0 l&rsquo;Ouest Lyon, OL Vall\u00e9e. Dans le cadre du festival&hellip;\n","protected":false},"author":2,"featured_media":325750,"comment_status":"","ping_status":"","sticky":false,"template":"","format":"standard","meta":{"footnotes":""},"categories":[1889],"tags":[1111,11,8894,2937,2430,46283,1777,674,849,1011,27,708,2428,25200,12,46284,25,43477,46282,3245,46281],"class_list":{"0":"post-325749","1":"post","2":"type-post","3":"status-publish","4":"format-standard","5":"has-post-thumbnail","7":"category-lyon","8":"tag-actu","9":"tag-actualites","10":"tag-ambiance","11":"tag-artistes","12":"tag-auvergne-rhone-alpes","13":"tag-bistrot-ouest","14":"tag-eu","15":"tag-europe","16":"tag-festival","17":"tag-fr","18":"tag-france","19":"tag-humour","20":"tag-lyon","21":"tag-lyonnais","22":"tag-news","23":"tag-ol-valle","24":"tag-republique-francaise","25":"tag-scne","26":"tag-soire","27":"tag-talents","28":"tag-west-fest"},"share_on_mastodon":{"url":"https:\/\/pubeurope.com\/@fr\/115046398727148745","error":""},"_links":{"self":[{"href":"https:\/\/www.europesays.com\/fr\/wp-json\/wp\/v2\/posts\/325749","targetHints":{"allow":["GET"]}}],"collection":[{"href":"https:\/\/www.europesays.com\/fr\/wp-json\/wp\/v2\/posts"}],"about":[{"href":"https:\/\/www.europesays.com\/fr\/wp-json\/wp\/v2\/types\/post"}],"author":[{"embeddable":true,"href":"https:\/\/www.europesays.com\/fr\/wp-json\/wp\/v2\/users\/2"}],"replies":[{"embeddable":true,"href":"https:\/\/www.europesays.com\/fr\/wp-json\/wp\/v2\/comments?post=325749"}],"version-history":[{"count":0,"href":"https:\/\/www.europesays.com\/fr\/wp-json\/wp\/v2\/posts\/325749\/revisions"}],"wp:featuredmedia":[{"embeddable":true,"href":"https:\/\/www.europesays.com\/fr\/wp-json\/wp\/v2\/media\/325750"}],"wp:attachment":[{"href":"https:\/\/www.europesays.com\/fr\/wp-json\/wp\/v2\/media?parent=325749"}],"wp:term":[{"taxonomy":"category","embeddable":true,"href":"https:\/\/www.europesays.com\/fr\/wp-json\/wp\/v2\/categories?post=325749"},{"taxonomy":"post_tag","embeddable":true,"href":"https:\/\/www.europesays.com\/fr\/wp-json\/wp\/v2\/tags?post=325749"}],"curies":[{"name":"wp","href":"https:\/\/api.w.org\/{rel}","templated":true}]}}