{"id":325755,"date":"2025-08-17T22:20:47","date_gmt":"2025-08-17T22:20:47","guid":{"rendered":"https:\/\/www.europesays.com\/fr\/325755\/"},"modified":"2025-08-17T22:20:47","modified_gmt":"2025-08-17T22:20:47","slug":"mercato-psg-nordi-mukiele-quitte-officiellement-paris-pour-sunderland","status":"publish","type":"post","link":"https:\/\/www.europesays.com\/fr\/325755\/","title":{"rendered":"Mercato PSG : Nordi Mukiele quitte officiellement Paris pour Sunderland"},"content":{"rendered":"<p class=\"paragraph text_align_left lp-f-body-02\">Le d\u00e9fenseur fran\u00e7ais Nordi Mukiele, barr\u00e9 par la concurrence au Paris Saint-Germain, <a href=\"https:\/\/www.leparisien.fr\/sports\/football\/psg\/mercato-psg-nordi-mukiele-va-etre-vendu-a-sunderland-15-08-2025-QJ6FXJXTPJB7LKZYGZ6NEAFN7Y.php\" target=\"_blank\" rel=\"noreferrer nofollow noopener\">s\u2019est engag\u00e9 pour quatre saisons avec Sunderland<\/a>, a indiqu\u00e9 dimanche le club promu en Premier League et dirig\u00e9 par R\u00e9gis Le Bris.<\/p>\n<p class=\"paragraph text_align_left lp-f-body-02\">Le lat\u00e9ral droit grossit encore la colonie tricolore des \u00ab Black Cats \u00bb qui, en plus de leur entra\u00eeneur, poss\u00e8de dans leurs rangs Timoth\u00e9e Pemb\u00e9l\u00e9, Abdoullah Ba, Enzo Le F\u00e9e et Wilson Isidor.<\/p>\n<blockquote class=\"twitter-tweet\">\n<p lang=\"en\" dir=\"ltr\">Welcome to Sunderland AFC, Nordi Mukiele! \ud83d\ude0d<\/p>\n<p>The defender moves to Wearside from Paris Saint-Germain for an undisclosed fee and signs a four-year contract. <\/p>\n<p>\u270d\ufe0f <a href=\"https:\/\/twitter.com\/livescore?ref_src=twsrc%5Etfw\" rel=\"nofollow noopener\" target=\"_blank\">@livescore<\/a><\/p>\n<p>\u2014 Sunderland AFC (@SunderlandAFC) <a href=\"https:\/\/twitter.com\/SunderlandAFC\/status\/1957042278234538016?ref_src=twsrc%5Etfw\" rel=\"nofollow noopener\" target=\"_blank\">August 17, 2025<\/a><\/p><\/blockquote>\n<p class=\"paragraph text_align_left lp-f-body-02\">La confirmation du transfert, dont le montant n\u2019a pas \u00e9t\u00e9 communiqu\u00e9 mais se situe aux alentours de 12 millions d\u2019euros selon nos informations, intervient au lendemain de la victoire 3-0 contre West Ham en ouverture de la saison de Premier League.<\/p>\n<p class=\"paragraph text_align_left lp-f-body-02\">Le joueur de 27 ans, form\u00e9 au Paris FC et pass\u00e9 par Laval et Montpellier, avait rejoint le PSG en 2022 apr\u00e8s quatre saisons pass\u00e9es \u00e0 Leipzig, en Allemagne.<\/p>\n<p class=\"paragraph text_align_left lp-f-body-02\">Il n\u2019a pas r\u00e9ussi \u00e0 s\u2019imposer dans le club de la capitale et a \u00e9t\u00e9 pr\u00eat\u00e9 la saison derni\u00e8re au Bayer Leverkusen, avec qui il a disput\u00e9 24 rencontres.<\/p>\n<p class=\"paragraph text_align_left lp-f-body-02\">Mukiele compte une s\u00e9lection avec l\u2019\u00e9quipe de France de Didier Deschamps, qu\u2019il a honor\u00e9e \u00e0 Lyon en septembre 2021 contre la Finlande dans le cadre des qualifications pour la Coupe du monde 2022.<\/p>\n<p><script async src=\"https:\/\/platform.twitter.com\/widgets.js\" charset=\"utf-8\"><\/script><\/p>\n","protected":false},"excerpt":{"rendered":"Le d\u00e9fenseur fran\u00e7ais Nordi Mukiele, barr\u00e9 par la concurrence au Paris Saint-Germain, s\u2019est engag\u00e9 pour quatre saisons avec&hellip;\n","protected":false},"author":2,"featured_media":325756,"comment_status":"","ping_status":"","sticky":false,"template":"","format":"standard","meta":{"footnotes":""},"categories":[1888],"tags":[1111,1928,11,1927,1777,674,63,1011,27,12,1926,626,1925,93,25,60],"class_list":{"0":"post-325755","1":"post","2":"type-post","3":"status-publish","4":"format-standard","5":"has-post-thumbnail","7":"category-paris","8":"tag-actu","9":"tag-actu-paris","10":"tag-actualites","11":"tag-actualites-paris","12":"tag-eu","13":"tag-europe","14":"tag-football","15":"tag-fr","16":"tag-france","17":"tag-news","18":"tag-news-paris","19":"tag-paris","20":"tag-paris-news","21":"tag-psg","22":"tag-republique-francaise","23":"tag-sports"},"share_on_mastodon":{"url":"https:\/\/pubeurope.com\/@fr\/115046441467601598","error":""},"_links":{"self":[{"href":"https:\/\/www.europesays.com\/fr\/wp-json\/wp\/v2\/posts\/325755","targetHints":{"allow":["GET"]}}],"collection":[{"href":"https:\/\/www.europesays.com\/fr\/wp-json\/wp\/v2\/posts"}],"about":[{"href":"https:\/\/www.europesays.com\/fr\/wp-json\/wp\/v2\/types\/post"}],"author":[{"embeddable":true,"href":"https:\/\/www.europesays.com\/fr\/wp-json\/wp\/v2\/users\/2"}],"replies":[{"embeddable":true,"href":"https:\/\/www.europesays.com\/fr\/wp-json\/wp\/v2\/comments?post=325755"}],"version-history":[{"count":0,"href":"https:\/\/www.europesays.com\/fr\/wp-json\/wp\/v2\/posts\/325755\/revisions"}],"wp:featuredmedia":[{"embeddable":true,"href":"https:\/\/www.europesays.com\/fr\/wp-json\/wp\/v2\/media\/325756"}],"wp:attachment":[{"href":"https:\/\/www.europesays.com\/fr\/wp-json\/wp\/v2\/media?parent=325755"}],"wp:term":[{"taxonomy":"category","embeddable":true,"href":"https:\/\/www.europesays.com\/fr\/wp-json\/wp\/v2\/categories?post=325755"},{"taxonomy":"post_tag","embeddable":true,"href":"https:\/\/www.europesays.com\/fr\/wp-json\/wp\/v2\/tags?post=325755"}],"curies":[{"name":"wp","href":"https:\/\/api.w.org\/{rel}","templated":true}]}}