{"id":325759,"date":"2025-08-17T22:24:45","date_gmt":"2025-08-17T22:24:45","guid":{"rendered":"https:\/\/www.europesays.com\/fr\/325759\/"},"modified":"2025-08-17T22:24:45","modified_gmt":"2025-08-17T22:24:45","slug":"le-cadeau-de-kita-aux-parisiens-pour-leur-sacre-en-ligue-des-champions","status":"publish","type":"post","link":"https:\/\/www.europesays.com\/fr\/325759\/","title":{"rendered":"le cadeau de Kita aux Parisiens pour leur sacre en Ligue des champions"},"content":{"rendered":"<p>        <img decoding=\"async\" loading=\"lazy\" src=\"https:\/\/www.europesays.com\/fr\/wp-content\/uploads\/2025\/08\/5271b89_upload-1-nm6ki9y4r86w-000-69rn3fm.jpg\"  width=\"728\" height=\"409\" alt=\"Le Paris Saint-Germain affrontait ce dimanche 17\u00a0ao\u00fbt le FC Nantes pour la reprise du Championnat de France.\"\/>  <\/p>\n<p>SEBASTIEN SALOM-GOMIS \/ AFP<\/p>\n<p>Le Paris Saint-Germain affrontait ce dimanche 17\u00a0ao\u00fbt le FC Nantes pour la reprise du Championnat de France.<\/p>\n<p class=\"asset asset-text\">FOOTBALL &#8211; Une coupe qui se croque \u00e0 pleines dents. Quatre jours apr\u00e8s <a href=\"https:\/\/www.huffingtonpost.fr\/sport\/article\/en-supercoupe-d-europe-le-psg-renverse-tottenham-et-l-emporte-aux-tirs-au-but_253571.html\" target=\"_blank\" rel=\"noopener\">sa victoire en Supercoupe d\u2019Europe <\/a>contre Tottenham, le Paris Saint-Germain affrontait ce dimanche 17\u00a0ao\u00fbt le <a href=\"https:\/\/www.huffingtonpost.fr\/sport\/article\/mostafa-mohamed-sanctionne-par-le-fc-nantes-pour-son-refus-de-jouer-pour-la-journee-contre-l-homophobie_250089.html\" target=\"_blank\" rel=\"noopener\">FC Nantes <\/a>lors de la premi\u00e8re journ\u00e9e de Ligue 1. Une rencontre, gagn\u00e9e 1-0\u00a0par les Parisiens avec un but du capitaine du soir \u00a0Vitinha, qui \u00e9tait diffus\u00e9e\u00a0en clair par la nouvelle cha\u00eene <a href=\"https:\/\/www.huffingtonpost.fr\/sport\/article\/nantes-psg-sur-ligue1-diffuse-gratuitement-pour-la-premiere-journee-de-championnat_253673.html\" target=\"_blank\" rel=\"noopener\">Ligue1+<\/a>.<\/p>\n<p class=\"asset asset-text\">Le pr\u00e9sident des canaris, Waldemar Kita, a profit\u00e9 des retrouvailles avec le club de la capitale pour leur offrir un cadeau (tr\u00e8s gourmand) en hommage \u00e0 leur sacre en <a href=\"https:\/\/www.huffingtonpost.fr\/sport\/article\/le-psg-surclasse-l-inter-milan-en-finale-de-la-ligue-des-champions-et-remporte-son-premier-trophee-clx1_250748.html\" target=\"_blank\" rel=\"noopener\">Ligue des champions<\/a> le 31\u00a0mai face \u00e0 <a href=\"https:\/\/www.huffingtonpost.fr\/france\/video\/entre-joie-et-debordements-les-images-d-une-nuit-d-ivresse-a-paris-apres-le-sacre-du-psg_250759.html\" target=\"_blank\" rel=\"noopener\">l\u2019Inter Milan.<\/a><\/p>\n<p class=\"asset asset-text\">Dans la foul\u00e9e de l\u2019\u00e9chauffement, Waldemar Kita a offert au capitaine parisien Marquinhos un immense troph\u00e9e de la Coupe aux grandes oreilles, tout en chocolat\u00a0! Les champions d\u2019Europe ont \u00e9galement re\u00e7u un cadre affichant la Tour Eiffel.<\/p>\n<p> La lecture de ce contenu est susceptible d\u2019entra\u00eener un d\u00e9p\u00f4t de cookies de la part de l\u2019op\u00e9rateur tiers qui l\u2019h\u00e9berge. Compte-tenu des choix que vous avez exprim\u00e9s en mati\u00e8re de d\u00e9p\u00f4t de cookies, nous avons bloqu\u00e9 l\u2019affichage de ce contenu. Si vous souhaitez y acc\u00e9der, vous devez accepter la cat\u00e9gorie de cookies \u201cContenus tiers\u201d en cliquant sur le bouton ci-dessous. <\/p>\n<p> Lire la Vid\u00e9o        <\/p>\n<p class=\"asset asset-text\">Dans un entretien au <a href=\"https:\/\/www.lejdd.fr\/sport\/exclusif-crise-du-foot-francais-mercato-psg-les-verites-de-waldemar-kita-president-du-fc-nantes-161060\" target=\"_blank\" rel=\"noopener\" title=\"Nouvelle fen\u00eatre\">Journal du Dimanche<\/a>, le pr\u00e9sident des Jaune et Vert avait dit son admiration pour le PSG\u00a0: \u00ab\u00a0On peut dire ce qu\u2019on veut de Paris mais on doit reconna\u00eetre son succ\u00e8s. Rien que pour le PSG, le football fran\u00e7ais a un prix. Nasser (Al-Khela\u00effi) fait un super boulot. Aujourd\u2019hui, c\u2019est la meilleure \u00e9quipe du monde.\u00a0\u00bb Promettant un cadeau aux joueurs parisiens dans cette interview, il avait justifi\u00e9\u00a0: \u00ab\u00a0Les champions doivent \u00eatre honor\u00e9s.\u00a0\u00bb<\/p>\n<p class=\"asset asset-text\">Apr\u00e8s une saison magistrale, le PSG a fait une tr\u00e8s belle rentr\u00e9e mercredi en remportant la Supercoupe d\u2019Europe, face \u00e0 Tottenham (2-2, 4 tirs au but \u00e0 3), devenant le premier club fran\u00e7ais \u00e0 soulever le troph\u00e9e, \u00e0 Udine.<\/p>\n","protected":false},"excerpt":{"rendered":"SEBASTIEN SALOM-GOMIS \/ AFP Le Paris Saint-Germain affrontait ce dimanche 17\u00a0ao\u00fbt le FC Nantes pour la reprise du&hellip;\n","protected":false},"author":2,"featured_media":325760,"comment_status":"","ping_status":"","sticky":false,"template":"","format":"standard","meta":{"footnotes":""},"categories":[1888],"tags":[11,1777,674,462,63,1011,27,66,12,626,2332,25,517],"class_list":{"0":"post-325759","1":"post","2":"type-post","3":"status-publish","4":"format-standard","5":"has-post-thumbnail","7":"category-paris","8":"tag-actualites","9":"tag-eu","10":"tag-europe","11":"tag-fc-nantes","12":"tag-football","13":"tag-fr","14":"tag-france","15":"tag-ligue-1","16":"tag-news","17":"tag-paris","18":"tag-paris-saint-germain-psg","19":"tag-republique-francaise","20":"tag-sport"},"share_on_mastodon":{"url":"https:\/\/pubeurope.com\/@fr\/115046453524198988","error":""},"_links":{"self":[{"href":"https:\/\/www.europesays.com\/fr\/wp-json\/wp\/v2\/posts\/325759","targetHints":{"allow":["GET"]}}],"collection":[{"href":"https:\/\/www.europesays.com\/fr\/wp-json\/wp\/v2\/posts"}],"about":[{"href":"https:\/\/www.europesays.com\/fr\/wp-json\/wp\/v2\/types\/post"}],"author":[{"embeddable":true,"href":"https:\/\/www.europesays.com\/fr\/wp-json\/wp\/v2\/users\/2"}],"replies":[{"embeddable":true,"href":"https:\/\/www.europesays.com\/fr\/wp-json\/wp\/v2\/comments?post=325759"}],"version-history":[{"count":0,"href":"https:\/\/www.europesays.com\/fr\/wp-json\/wp\/v2\/posts\/325759\/revisions"}],"wp:featuredmedia":[{"embeddable":true,"href":"https:\/\/www.europesays.com\/fr\/wp-json\/wp\/v2\/media\/325760"}],"wp:attachment":[{"href":"https:\/\/www.europesays.com\/fr\/wp-json\/wp\/v2\/media?parent=325759"}],"wp:term":[{"taxonomy":"category","embeddable":true,"href":"https:\/\/www.europesays.com\/fr\/wp-json\/wp\/v2\/categories?post=325759"},{"taxonomy":"post_tag","embeddable":true,"href":"https:\/\/www.europesays.com\/fr\/wp-json\/wp\/v2\/tags?post=325759"}],"curies":[{"name":"wp","href":"https:\/\/api.w.org\/{rel}","templated":true}]}}