{"id":325761,"date":"2025-08-17T22:26:18","date_gmt":"2025-08-17T22:26:18","guid":{"rendered":"https:\/\/www.europesays.com\/fr\/325761\/"},"modified":"2025-08-17T22:26:18","modified_gmt":"2025-08-17T22:26:18","slug":"replay-guerre-en-ukraine-la-reponse-est-non-si-vous-voulez-mon-intime-conviction-vladimir-poutine-ne-veut-pas-la-paix-selon-emmanuel-macron","status":"publish","type":"post","link":"https:\/\/www.europesays.com\/fr\/325761\/","title":{"rendered":"REPLAY. Guerre en Ukraine\u00a0: \u00ab\u00a0La r\u00e9ponse est non, si vous voulez mon intime conviction\u00a0\u00bb\u2026 Vladimir Poutine ne veut pas la paix, selon Emmanuel Macron"},"content":{"rendered":"<p>22h59.<\/p>\n<p>C&rsquo;est la fin de ce direct, merci de l&rsquo;avoir suivi et bonne soir\u00e9e.<\/p>\n<p>19h52.Zelensky salue la d\u00e9cision \u00ab\u00a0historique\u00a0\u00bb des Etats-Unis de vouloir apporter des garanties de s\u00e9curit\u00e9 \u00e0 l&rsquo;Ukraine<\/p>\n<p class=\"live-post__amorce\">Le pr\u00e9sident ukrainien Volodymyr Zelensky a estim\u00e9 dimanche que la \u00ab\u00a0d\u00e9cision\u00a0\u00bb des Etats-Unis de fournir \u00e0 l&rsquo;Ukraine des \u00ab\u00a0garanties de s\u00e9curit\u00e9\u00a0\u00bb pour arr\u00eater la guerre avec la Russie \u00e9tait \u00ab\u00a0historique\u00a0\u00bb, avant sa rencontre pr\u00e9vue lundi \u00e0 Washington avec Donald Trump.<\/p>\n<p class=\"live-post__amorce\">\u00ab\u00a0Des garanties de s\u00e9curit\u00e9s, comme r\u00e9sultats de notre travail commun, doivent vraiment \u00eatre tr\u00e8s pratiques, fournir une protection au sol et dans les airs, en mer, et doivent \u00eatre d\u00e9velopp\u00e9es avec la participation de l&rsquo;Europe\u00a0\u00bb, a indiqu\u00e9 sur les r\u00e9seaux sociaux M. Zelensky, apr\u00e8s une r\u00e9union en visioconf\u00e9rence de la \u00ab\u00a0Coalition des volontaires\u00a0\u00bb regroupant des alli\u00e9s de Kiev.<\/p>\n<p>18h20.Emmanuel Macron : \u00ab\u00a0Est-ce que je pense que le pr\u00e9sident Poutine veut la paix ? La r\u00e9ponse est non\u00a0\u00bb<\/p>\n<p class=\"live-post__amorce\">\u00ab\u00a0Est-ce que je pense que le pr\u00e9sident Poutine veut la paix ? La r\u00e9ponse est non, si vous voulez mon intime conviction. Est-ce que Donald Trump veut la paix ? Oui.  Je pense que le pr\u00e9sident Poutine veut la capitulation de l&rsquo;Ukraine, c&rsquo;est \u00e7a qu&rsquo;il a propos\u00e9\u00a0\u00bb.<\/p>\n<p>18h09.\u00a0\u00bbLes Russes ne sont pas si forts que beaucoup le croient\u00a0\u00bb<\/p>\n<p class=\"live-post__amorce\">\u00ab\u00a0Il y a trois ans et demi, le pr\u00e9sident Poutine nous expliquait qu&rsquo;il allait terrasser les Ukrainiens en trois semaines de ce qu&rsquo;il appelait lui-m\u00eame &lsquo;une op\u00e9ration sp\u00e9ciale&rsquo;, poursuit Emmanuel Macron. Trois ans et demi apr\u00e8s, il n&rsquo;a toujours pas r\u00e9ussi \u00e0 prendre tout le Donbass. Les Russes ne sont pas si forts que beaucoup le croient ou veulent le croire, ce n&rsquo;est pas vrai. Les Ukrainiens sont vaillants, braves, tr\u00e8s intelligents sur le plan tactique sur le terrain. Nous les avons beaucoup aid\u00e9s mais c&rsquo;est eux qui se sont battus. Si on veut une paix durable, il faut une arm\u00e9e ukrainienne robuste, solide\u00a0\u00bb.<\/p>\n<p>18h09.Pour Macron, les Europ\u00e9ens doivent \u00eatre pr\u00e9sents aux prochains sommets sur l&rsquo;Ukraine<\/p>\n<p class=\"live-post__amorce\">Le pr\u00e9sident Emmanuel Macron demande \u00e0 ce que les Europ\u00e9ens soient pr\u00e9sents aux prochains sommets concernant l&rsquo;Ukraine.<\/p>\n<p>18h05.\u00a0\u00bbLes seuls qui peuvent parler des territoires ukrainiens, ce sont les autorit\u00e9s ukrainiennes\u00a0\u00bb<\/p>\n<p class=\"live-post__amorce\">\u00ab\u00a0Je salue la volont\u00e9 du pr\u00e9sident Trump de vouloir la paix, mais il est \u00e9vident que cela doit se faire conform\u00e9ment au droit international. Et surtout, le pr\u00e9sident Trump l&rsquo;a rappel\u00e9 lui-m\u00eame, les seuls qui peuvent parler des territoires ukrainiens, ce sont les autorit\u00e9s ukrainiennes, et en l&rsquo;esp\u00e8ce le pr\u00e9sident Zelensky\u00a0\u00bb.<\/p>\n<p>18h02.Emmanuel Macron : \u00ab\u00a0nous voulons une paix robuste et durable\u00a0\u00bb<\/p>\n<p class=\"live-post__amorce\">\u00ab\u00a0Si on est du c\u00f4t\u00e9 du c\u00f4t\u00e9 de la paix, du droit international, on ne peut pas \u00eatre du c\u00f4t\u00e9 de la reconnaissance de la loi du plus fort\u00a0\u00bb, mart\u00e8le le chef de l&rsquo;Etat.<\/p>\n<p>17h55.\u00a0\u00bbIl n&rsquo;y a qu&rsquo;un agresseur, la Russie\u00a0\u00bb, indique Emmanuel Macron\u00a0<\/p>\n<p class=\"live-post__amorce\">\u00ab\u00a0Notre volont\u00e9 demain (\u00e0 Washington), c&rsquo;est de pr\u00e9senter un front uni entre Europ\u00e9ens et Ukrainiens dans ce moment de r\u00e8glement du conflit en r\u00e9affirmant qui est du c\u00f4t\u00e9 de la paix, du droit international, confie le pr\u00e9sident de la R\u00e9publique, qui sera rendra \u00e0 la Maison Blanche avec Volodymyr Zelensky et d&rsquo;autres leaders europ\u00e9ens. Et surtout comment nous assurer collectivement que l&rsquo;ordre international est respect\u00e9 et que notre s\u00e9curit\u00e9 est assur\u00e9e.\u00a0\u00bb<\/p>\n<p>17h53.<\/p>\n<p>La rencontre en visio de la \u00ab\u00a0coalition des pays volontaires\u00a0\u00bb a dur\u00e9 pr\u00e8s de deux heures<\/p>\n<p>16h09.Le secr\u00e9taire d&rsquo;Etat am\u00e9ricain menace la Russie de nouvelles sanctions en cas de non-accord sur l&rsquo;Ukraine<\/p>\n<p class=\"live-post__amorce\">\u00ab\u00a0En fin de compte, si nous ne parvenons pas \u00e0 trouver un accord ici, il y aura des cons\u00e9quences\u00a0\u00bb, a pr\u00e9venu Marco Rubio lors d&rsquo;une interview \u00e0 la cha\u00eene NBC, \u00e9voquant la possible \u00ab\u00a0adoption de nouvelles sanctions\u00a0\u00bb contre la Russie.<\/p>\n<p>15h29.Trump fait \u00e9tat de \u00ab\u00a0grands progr\u00e8s\u00a0\u00bb avec la Russie<\/p>\n<p class=\"live-post__amorce\">Le pr\u00e9sident am\u00e9ricain Donald Trump a fait \u00e9tat dimanche de \u00ab\u00a0grands progr\u00e8s\u00a0\u00bb avec la Russie dans un message lapidaire publi\u00e9 sur son r\u00e9seau social, \u00e0 la veille d&rsquo;une rencontre avec le pr\u00e9sident ukrainien Volodymyr Zelensky et ses alli\u00e9s europ\u00e9ens.<\/p>\n<p class=\"live-post__amorce\">\u00ab\u00a0De grands progr\u00e8s sur la Russie. A suivre!\u00a0\u00bb, a post\u00e9 le r\u00e9publicain sur Truth Social.<\/p>\n<p>15h25.<\/p>\n<p>L&rsquo;\u00e9missaire de Donald Trump dit esp\u00e9rer une \u00ab\u00a0r\u00e9union productive\u00a0\u00bb demain avec Zelensky et les dirigeants europ\u00e9ens<\/p>\n<p>15h25.Moscou a fait \u00ab\u00a0des concessions\u00a0\u00bb concernant cinq r\u00e9gions en Ukraine, assure Witkoff<\/p>\n<p class=\"live-post__amorce\">\u00ab\u00a0Les Russes ont fait certaines concessions \u00e0 la table (des n\u00e9gociations en Alaska vendredi, NDLR) concernant l&rsquo;ensemble des cinq r\u00e9gions (de l&rsquo;est de l&rsquo;Ukraine). Il y a une importante discussion sur Donetsk et ce qui se passera l\u00e0-bas\u00a0\u00bb, a d\u00e9clar\u00e9 Steve Witkoff sur la cha\u00eene CNN, deux jours apr\u00e8s un sommet entre les pr\u00e9sidents Donald Trump et Vladimir Poutine \u00e0 Anchorage qui n&rsquo;avait pas permis d&rsquo;avanc\u00e9es concernant un cessez-le-feu en Ukraine.<\/p>\n<p>15h23.La r\u00e9union en visioconf\u00e9rence de la \u00ab\u00a0coalition des volontaires\u00a0\u00bb a d\u00e9but\u00e9<\/p>\n<p class=\"live-post__amorce\">La \u00ab\u00a0coalition des volontaires\u00a0\u00bb qui rassemble les soutiens de Kiev, dont Emmanuel Macron, le Premier ministre britannique Keir Starmer et le chancelier allemand Friedrich Merz, s&rsquo;est r\u00e9unie en visioconf\u00e9rence \u00e0 15h, selon des images depuis la r\u00e9sidence d&rsquo;\u00e9t\u00e9 du pr\u00e9sident fran\u00e7ais au fort de Br\u00e9gan\u00e7on.<\/p>\n<p class=\"live-post__amorce\">La r\u00e9union vise \u00e0 pr\u00e9parer la rencontre entre Donald Trump et Volodymyr Zelensky pr\u00e9vue demain \u00e0 Washington, a d\u00e9clar\u00e9 en pr\u00e9ambule Emmanuel Macron, qui doit \u00e9galement y participer ainsi que les principaux leaders europ\u00e9ens. En introduisant les discussions, le pr\u00e9sident fran\u00e7ais a de nouveau appel\u00e9 \u00e0 \u00ab\u00a0maintenir la pression\u00a0\u00bb sur le pr\u00e9sident russe Vladimir Poutine.<\/p>\n<blockquote data-class=\"twitter-tweet\">\n<p lang=\"fr\" dir=\"ltr\">Guerre en Ukraine: \u00ab\u00a0Il faut mettre en place une strat\u00e9gie pour mettre la pression sur le pr\u00e9sident Poutine\u00a0\u00bb, d\u00e9clare Emmanuel Macron depuis le Fort de Br\u00e9gan\u00e7on <a href=\"https:\/\/t.co\/ED3wFXBiM5\" rel=\"nofollow\">pic.twitter.com\/ED3wFXBiM5<\/a><\/p>\n<p>\u2014 BFMTV (@BFMTV) <a href=\"https:\/\/twitter.com\/BFMTV\/status\/1957070183123595599?ref_src=twsrc%5Etfw\" rel=\"nofollow noopener\" target=\"_blank\">August 17, 2025<\/a><\/p><\/blockquote>\n<p>15h17.<\/p>\n<p>Trump et Poutine sont convenus en Alaska de \u00ab\u00a0garanties de s\u00e9curit\u00e9 solides\u00a0\u00bb pour l&rsquo;Ukraine, dit Witkoff<\/p>\n<p>15h06.<\/p>\n<p>Von der Leyen esp\u00e8re un sommet tripartite \u00ab\u00a0aussi rapidement que possible\u00a0\u00bb<\/p>\n<p>15h05.Zelensky ne voit \u00ab\u00a0aucun signe\u00a0\u00bb indiquant que Moscou est pr\u00eat \u00e0 un sommet trilat\u00e9ral avec Washington<\/p>\n<p class=\"live-post__amorce\">Le pr\u00e9sident ukrainien a affirm\u00e9 ne voir aucun signe indiquant que la Russie est pr\u00eate \u00e0 un sommet tripartite rassemblant le pr\u00e9sident am\u00e9ricain, Donald Trump, son homologue russe, Vladimir Poutine, et lui-m\u00eame. \u00ab\u00a0A ce stade, il n&rsquo;y a aucune indication de la part de la Russie que le sommet tripartite aura lieu\u00a0\u00bb, a-t-il d\u00e9clar\u00e9 lors d&rsquo;un bref point de presse commun avec la pr\u00e9sidente de la Commission europ\u00e9enne, Ursula von der Leyen.<\/p>\n<p>15h05.Ursula Von der Leyen salue la proposition de Trump d&rsquo;offrir des garanties de s\u00e9curit\u00e9 \u00e0 l&rsquo;Ukraine inspir\u00e9es de l&rsquo;Otan<\/p>\n<p class=\"live-post__amorce\">La pr\u00e9sidente de la Commission europ\u00e9enne a salu\u00e9 la proposition du pr\u00e9sident am\u00e9ricain, Donald Trump, d&rsquo;offrir des garanties de s\u00e9curit\u00e9 \u00e0 l&rsquo;Ukraine inspir\u00e9es de l&rsquo;Otan. \u00ab\u00a0Nous saluons la volont\u00e9 du pr\u00e9sident Trump de fournir des garanties de s\u00e9curit\u00e9 \u00e0 l&rsquo;Ukraine, similaires \u00e0 l&rsquo;article 5\u00a0\u00bb, a-t-elle affirm\u00e9 lors d&rsquo;une conf\u00e9rence de presse \u00e0 Bruxelles, au c\u00f4t\u00e9 du pr\u00e9sident ukrainien, Volodymyr Zelensky. <\/p>\n<p>15h04.L&rsquo;Ukraine doit pouvoir conserver son int\u00e9grit\u00e9 territoriale, insiste Von der Leyen<\/p>\n<p class=\"live-post__amorce\">\u00ab\u00a0Nous voulons que Donald Trump fasse preuve de bon sens\u00a0\u00bb, a d\u00e9clar\u00e9 la pr\u00e9sidente de la Commission europ\u00e9enne. \u00ab\u00a0On ne peut changer les fronti\u00e8res\u00a0\u00bb de l&rsquo;Ukraine a-t-elle poursuivi. <\/p>\n<blockquote data-class=\"twitter-tweet\">\n<p lang=\"fr\" dir=\"ltr\">Guerre en Ukraine: \u00ab\u00a0Nous voulons que Donald Trump fasse preuve de bon sens\u00a0\u00bb, d\u00e9clare Ursula von der Leyen, pr\u00e9sidente de la Commission europ\u00e9enne <a href=\"https:\/\/t.co\/UD7utsXYVg\" rel=\"nofollow\">pic.twitter.com\/UD7utsXYVg<\/a><\/p>\n<p>\u2014 BFMTV (@BFMTV) <a href=\"https:\/\/twitter.com\/BFMTV\/status\/1957065368385491091?ref_src=twsrc%5Etfw\" rel=\"nofollow noopener\" target=\"_blank\">August 17, 2025<\/a><\/p><\/blockquote>\n<p>15h01.Pour Zelensky, \u00ab\u00a0il est impossible de donner des territoires\u00a0\u00bb \u00e0 la Russie<\/p>\n<p class=\"live-post__amorce\">Le pr\u00e9sident ukrainien a insist\u00e9 sur la n\u00e9cessit\u00e9 d&rsquo;un cessez-le-feu et a refus\u00e9 de c\u00e9der des territoires \u00e0 Moscou. <\/p>\n<p>13h37.Keir\u00a0Starmer accompagnera \u00e9galement Zelensky \u00e0 la Maison Blanche<\/p>\n<p class=\"live-post__amorce\">Le Premier ministre britannique, Keir Starmer, se rendra \u00e9galement \u00e0 Washington demain, avec plusieurs autres dirigeants europ\u00e9ens, pour accompagner le pr\u00e9sident ukrainien lors de sa rencontre avec Donald Trump. Lors de cette rencontre, Keir Starmer, avec les autres dirigeants europ\u00e9ens, \u00ab\u00a0r\u00e9affirmera que son soutien \u00e0 l&rsquo;Ukraine se poursuivra aussi longtemps que n\u00e9cessaire\u00a0\u00bb, selon un communiqu\u00e9 de Downing Street. Ces dirigeants se rendent \u00e0 Washington pour discuter d&rsquo;une issue \u00e0 la guerre en Ukraine, \u00e0 la suite du sommet en Alaska de Donald Trump et du pr\u00e9sident russe, Vladimir Poutine.<\/p>\n<p>13h35.Giorgia Meloni se rendra \u00e9galement \u00e0 Washington<\/p>\n<p class=\"live-post__amorce\">La Premi\u00e8re ministre italienne se rendra avec le pr\u00e9sident ukrainien et d&rsquo;autres dirigeants europ\u00e9ens \u00e0 la Maison Blanche demain. <\/p>\n<p>12h59.Le chef de l&rsquo;Otan lui aussi \u00e0 Washington lundi avec Zelensky<\/p>\n<p class=\"live-post__amorce\">Le chef de l&rsquo;Otan Mark Rutte sera lui aussi \u00e0 Washington demain aux c\u00f4t\u00e9s du pr\u00e9sident ukrainien et d&rsquo;autres dirigeants europ\u00e9ens, a annonc\u00e9 son \u00e9quipe. \u00ab\u00a0Le secr\u00e9taire g\u00e9n\u00e9ral participera \u00e0 une r\u00e9union organis\u00e9e par le pr\u00e9sident am\u00e9ricain\u00a0\u00bb, a-t-elle indiqu\u00e9 dans un communiqu\u00e9.<\/p>\n<p>12h33.Emmanuel Macron accompagnera aussi Volodymyr Zelensky \u00e0 Washington<\/p>\n<p class=\"live-post__amorce\">Le pr\u00e9sident fran\u00e7ais se rendra demain \u00e0 Washington, de m\u00eame que plusieurs autres dirigeants europ\u00e9ens, pour accompagner son homologue ukrainien Volodymyr Zelensky lors de sa rencontre avec Donald Trump, a annonc\u00e9 l&rsquo;Elys\u00e9e.<\/p>\n<p>12h19.<\/p>\n<p>Le pr\u00e9sident finlandais, Alexander Stubb, se rend \u00e9galement \u00e0 Washington<\/p>\n<p>12h17.<\/p>\n<p>Le chancelier allemand confirme qu&rsquo;il se rendra \u00e0 Washington<\/p>\n<p>12h13.Zelensky \u00e0 Bruxelles pour la visioconf\u00e9rence avec les dirigeants europ\u00e9ens<\/p>\n<p class=\"live-post__amorce\">Le pr\u00e9sident ukrainien sera \u00e0 Bruxelles cet apr\u00e8s-midi pour participer \u00e0 la visioconf\u00e9rence des alli\u00e9s europ\u00e9ens de l&rsquo;Ukraine au sujet de l&rsquo;accord de paix voulu par Donald Trump apr\u00e8s sa rencontre avec Vladimir Poutine, a annonc\u00e9 la pr\u00e9sidente de la Commission europ\u00e9enne Ursula von der Leyen.<\/p>\n<p>12h01.Ursula Von der Leyen et d&rsquo;autres dirigeants europ\u00e9ens iront \u00e0 Washington lundi avec Volodymyr Zelensky\u00a0<\/p>\n<p class=\"live-post__amorce\">La pr\u00e9sidente de la Commission europ\u00e9enne Ursula von der Leyen a annonc\u00e9 qu&rsquo;elle se rendrait avec plusieurs dirigeants europ\u00e9ens \u00e0 la Maison-Blanche demain aux c\u00f4t\u00e9s du pr\u00e9sident ukrainien. \u00ab\u00a0A la demande du pr\u00e9sident Zelensky, je participerai demain \u00e0 la r\u00e9union avec le pr\u00e9sident Trump et d&rsquo;autres dirigeants europ\u00e9ens \u00e0 la Maison-Blanche\u00a0\u00bb, a-t-elle d\u00e9clar\u00e9 sur le r\u00e9seau social  <a href=\"https:\/\/x.com\/vonderleyen\/status\/1957015978383999422\" target=\"_blank\" rel=\"noopener noreferrer nofollow\" class=\"\">X<\/a> .<\/p>\n<blockquote data-class=\"twitter-tweet\">\n<p lang=\"en\" dir=\"ltr\">This afternoon, I will welcome <a href=\"https:\/\/twitter.com\/ZelenskyyUa?ref_src=twsrc%5Etfw\" rel=\"nofollow noopener\" target=\"_blank\">@ZelenskyyUa<\/a> in Brussels.<\/p>\n<p>Together, we will participate in the  Coalition of Willing VTC. <\/p>\n<p>At the request of President Zelenskyy, I will join the meeting with President Trump and other European leaders in the White House tomorrow.<\/p>\n<p>\u2014 Ursula von der Leyen (@vonderleyen) <a href=\"https:\/\/twitter.com\/vonderleyen\/status\/1957015978383999422?ref_src=twsrc%5Etfw\" rel=\"nofollow noopener\" target=\"_blank\">August 17, 2025<\/a><\/p><\/blockquote>\n<p>10h21.La paix contre le Donbass ? Poutine r\u00e9clame le contr\u00f4le total de Donetsk, Trump aurait c\u00e9d\u00e9 aux exigences russes<\/p>\n<p class=\"live-post__amorce\">Donald Trump soutiendrait d\u00e9sormais un plan russe pr\u00e9voyant le contr\u00f4le total des oblasts de Donetsk et Lougansk dans la r\u00e9gion strat\u00e9gique du Donbass. Un plan qu\u2019il devrait pr\u00e9senter \u00e0 Volodymyr Zelensky lundi. En contrepartie, Washington propose \u00e0 Kiev une garantie de s\u00e9curit\u00e9. Notre article \u00e0 lire <a href=\"https:\/\/www.ladepeche.fr\/2025\/08\/17\/guerre-en-ukraine-la-paix-contre-le-donbass-poutine-reclame-le-controle-total-de-donetsk-trump-aurait-cede-aux-exigences-russes-12880304.php\" target=\"_blank\" rel=\"noopener noreferrer nofollow\" class=\"\"> ici<\/a> . <\/p>\n<p class=\"std-elt__inline\">\n        <strong>\u00c0 lire aussi :<\/strong><br \/>\n        <a href=\"https:\/\/www.ladepeche.fr\/2025\/08\/17\/guerre-en-ukraine-la-paix-contre-le-donbass-poutine-reclame-le-controle-total-de-donetsk-trump-aurait-cede-aux-exigences-russes-12880304.php\" rel=\"nofollow noopener\" target=\"_blank\">Guerre en Ukraine\u00a0: la paix contre le Donbass\u00a0? Poutine r\u00e9clame le contr\u00f4le total de Donetsk, Trump aurait c\u00e9d\u00e9 aux exigences russes<\/a>\n    <\/p>\n<p>10h12.Un \u00ab\u00a0message de paix\u00a0\u00bb de Melania Trump transmis par son mari \u00e0 Poutine<\/p>\n<p class=\"live-post__amorce\">En accueillant en grande pompe Vladimir Poutine en Alaska, Donald Trump lui a confi\u00e9 un \u00ab\u00a0message de paix\u00a0\u00bb pour l&rsquo;Ukraine pr\u00e9tendument r\u00e9dig\u00e9 par son \u00e9pouse et Premi\u00e8re dame am\u00e9ricaine Melania Trump, rapporte la t\u00e9l\u00e9vision Fox News.<\/p>\n<p class=\"live-post__amorce\">Melania Trump a republi\u00e9 hier sur son compte X un article de la cha\u00eene pr\u00e9f\u00e9r\u00e9e des conservateurs am\u00e9ricains qui rend compte de ce bref courrier, au lendemain du sommet d&rsquo;Anchorage o\u00f9 le pr\u00e9sident des Etats-Unis n&rsquo;a pas obtenu de son homologue russe un accord de cessez-le-feu en Ukraine. D&rsquo;apr\u00e8s Fox News, le pr\u00e9sident Poutine a aussit\u00f4t lu le \u00ab\u00a0message de paix\u00a0\u00bb de Melania Trump que venait de lui donner son mari. <\/p>\n<p class=\"live-post__amorce\">Dans cette lettre sign\u00e9e de la Premi\u00e8re dame, l&rsquo;Ukraine n&rsquo;est jamais cit\u00e9e, mais Mme Trump demande au chef du Kremlin de \u00ab\u00a0refaire rire des enfants\u00a0\u00bb, de \u00ab\u00a0prot\u00e9ger l&rsquo;innocence de ces enfants\u00a0\u00bb afin de \u00ab\u00a0faire davantage que servir uniquement la Russie, (mais) servir toute l&rsquo;humanit\u00e9\u00a0\u00bb.<\/p>\n<p>08h38.Moscou, visiblement soutenue par Trump,\u00a0r\u00e9clame le Donbass,\u00a0<\/p>\n<p class=\"live-post__amorce\">Donald Trump a abandonn\u00e9 hier toute exigence d&rsquo;un cessez-le-feu pr\u00e9alable en Ukraine, pr\u00f4nant d\u00e9sormais un \u00ab\u00a0accord de paix\u00a0\u00bb pour mettre fin au conflit, un revirement majeur apr\u00e8s sa rencontre en Alaska avec Vladimir Poutine, sans r\u00e9sultat concret apparent.<\/p>\n<p class=\"live-post__amorce\">Le pr\u00e9sident am\u00e9ricain soutient m\u00eame une proposition de la Russie pr\u00e9voyant un contr\u00f4le total de deux r\u00e9gions ukrainiennes et que le front soit gel\u00e9 dans deux autres r\u00e9gions sur lesquelles Moscou n&rsquo;a qu&rsquo;en partie la main, a indiqu\u00e9 \u00e0 l&rsquo;AFP un responsable au courant d&rsquo;\u00e9changes t\u00e9l\u00e9phoniques entre Donald Trump et des dirigeants europ\u00e9ens. Selon cette source anonyme, le pr\u00e9sident russe \u00ab\u00a0demande dans les faits que l&rsquo;Ukraine quitte le Donbass\u00a0\u00bb, territoire rassemblant les r\u00e9gions de Donetsk et Lougansk dans l&rsquo;est de l&rsquo;Ukraine.<\/p>\n<p class=\"live-post__amorce\">Apr\u00e8s trois ans et demi du conflit, l&rsquo;arm\u00e9e russe occupe environ 20% du territoire ukrainien dont la quasi totalit\u00e9 de la r\u00e9gion de Lougansk et une grande partie de la r\u00e9gion de Donetsk, o\u00f9 sa progression s&rsquo;est acc\u00e9l\u00e9r\u00e9e r\u00e9cemment.<\/p>\n<p>08h36.Bienvenue dans ce direct<\/p>\n<p class=\"live-post__amorce\">Bienvenue dans ce live d\u00e9di\u00e9 au conflit en Ukraine. Vous pouvez retrouver notre live de la veille  <a href=\"https:\/\/www.ladepeche.fr\/2025\/08\/16\/direct-guerre-en-ukraine-apres-un-sommet-historique-et-3-h-de-reunion-trump-et-poutine-se-separent-sans-devoiler-de-plan-de-paix-12879016.php\" target=\"_blank\" rel=\"noopener noreferrer nofollow\" class=\"\">ici<\/a> . <\/p>\n<p><script async src=\"https:\/\/platform.twitter.com\/widgets.js\" charset=\"utf-8\"><\/script><\/p>\n","protected":false},"excerpt":{"rendered":"22h59. C&rsquo;est la fin de ce direct, merci de l&rsquo;avoir suivi et bonne soir\u00e9e. 19h52.Zelensky salue la d\u00e9cision&hellip;\n","protected":false},"author":2,"featured_media":325762,"comment_status":"","ping_status":"","sticky":false,"template":"","format":"standard","meta":{"footnotes":""},"categories":[1591],"tags":[11,1887,12,1885,1886,132],"class_list":{"0":"post-325761","1":"post","2":"type-post","3":"status-publish","4":"format-standard","5":"has-post-thumbnail","7":"category-russie","8":"tag-actualites","9":"tag-federation-de-russie","10":"tag-news","11":"tag-russia","12":"tag-russian-federation","13":"tag-russie"},"share_on_mastodon":{"url":"https:\/\/pubeurope.com\/@fr\/115046461190366462","error":""},"_links":{"self":[{"href":"https:\/\/www.europesays.com\/fr\/wp-json\/wp\/v2\/posts\/325761","targetHints":{"allow":["GET"]}}],"collection":[{"href":"https:\/\/www.europesays.com\/fr\/wp-json\/wp\/v2\/posts"}],"about":[{"href":"https:\/\/www.europesays.com\/fr\/wp-json\/wp\/v2\/types\/post"}],"author":[{"embeddable":true,"href":"https:\/\/www.europesays.com\/fr\/wp-json\/wp\/v2\/users\/2"}],"replies":[{"embeddable":true,"href":"https:\/\/www.europesays.com\/fr\/wp-json\/wp\/v2\/comments?post=325761"}],"version-history":[{"count":0,"href":"https:\/\/www.europesays.com\/fr\/wp-json\/wp\/v2\/posts\/325761\/revisions"}],"wp:featuredmedia":[{"embeddable":true,"href":"https:\/\/www.europesays.com\/fr\/wp-json\/wp\/v2\/media\/325762"}],"wp:attachment":[{"href":"https:\/\/www.europesays.com\/fr\/wp-json\/wp\/v2\/media?parent=325761"}],"wp:term":[{"taxonomy":"category","embeddable":true,"href":"https:\/\/www.europesays.com\/fr\/wp-json\/wp\/v2\/categories?post=325761"},{"taxonomy":"post_tag","embeddable":true,"href":"https:\/\/www.europesays.com\/fr\/wp-json\/wp\/v2\/tags?post=325761"}],"curies":[{"name":"wp","href":"https:\/\/api.w.org\/{rel}","templated":true}]}}