{"id":325765,"date":"2025-08-17T22:28:13","date_gmt":"2025-08-17T22:28:13","guid":{"rendered":"https:\/\/www.europesays.com\/fr\/325765\/"},"modified":"2025-08-17T22:28:13","modified_gmt":"2025-08-17T22:28:13","slug":"cest-tres-anxiogene-a-washington-les-habitants-heurtes-par-le-deploiement-de-la-garde-nationale","status":"publish","type":"post","link":"https:\/\/www.europesays.com\/fr\/325765\/","title":{"rendered":"\u00abC&rsquo;est tr\u00e8s anxiog\u00e8ne\u00bb: \u00e0 Washington, les habitants heurt\u00e9s par le d\u00e9ploiement de la Garde nationale"},"content":{"rendered":"<p>\n                                                Coup de projecteur aujourd&rsquo;hui sur les \u00c9tats-Unis o\u00f9 Donald Trump a annonc\u00e9 qu&rsquo;il prenait le contr\u00f4le de la police et des op\u00e9rations de maintien de la paix \u00e0 Washington. Le pr\u00e9sident estime que la capitale est gangren\u00e9e par le crime et la violence. Il a ordonn\u00e9 le d\u00e9ploiement de la Garde nationale et la mobilisation d&rsquo;agents f\u00e9d\u00e9raux. Ce week-end du 16-17 ao\u00fbt, des centaines de personnes ont manifest\u00e9 devant la Maison Blanche pour d\u00e9noncer ces mesures qui ont mis la capitale sous tension.                    <\/p>\n<p>Dans le m\u00e9tro, autour des parcs ou des mus\u00e9es, les membres de la Garde nationale et leurs v\u00e9hicules blind\u00e9s sont d\u00e9sormais bien visibles \u00e0 Washington DC. Le pr\u00e9sident leur a confi\u00e9 une mission\u00a0: rendre les rues plus s\u00fbres. Mais pour la plupart des habitants, cette pr\u00e9sence provoque plut\u00f4t l&rsquo;effet inverse. \u00ab\u00a0C&rsquo;est tr\u00e8s inhabituel de voir \u00e7a aux <a href=\"https:\/\/www.rfi.fr\/fr\/tag\/\u00e9tats-unis\/\" target=\"_self\" rel=\"noopener\"><strong>\u00c9tats-Unis<\/strong><\/a>\u2026 Je ne sais pas, je trouve \u00e7a un peu extr\u00eame\u00a0\u00bb, r\u00e9agit une habitante.\u00a0\u00ab\u00a0C&rsquo;est tr\u00e8s anxiog\u00e8ne, c&rsquo;est s\u00fbr, mais on va devoir s&rsquo;y habituer pour le moment\u00a0\u00bb, ajoute une autre.\u00a0<\/p>\n<p><a href=\"https:\/\/www.rfi.fr\/fr\/tag\/donald-trump\/\" target=\"_self\" rel=\"noopener\"><strong>Donald Trump<\/strong><\/a> assure qu&rsquo;il veut ainsi lutter contre une explosion de la <a href=\"https:\/\/www.rfi.fr\/fr\/tag\/criminalit\u00e9\/\" target=\"_self\" rel=\"noopener\"><strong>criminalit\u00e9<\/strong><\/a>.\u00a0Mais en r\u00e9alit\u00e9, les chiffres officiels montrent une tendance \u00e0 l&rsquo;oppos\u00e9. Le taux de criminalit\u00e9 est le plus bas enregistr\u00e9 dans la ville ces 30 derni\u00e8res ann\u00e9es.<\/p>\n<p>Certains voient dans le plan du pr\u00e9sident une d\u00e9cision purement politique. \u00ab\u00a0On a l&rsquo;impression qu&rsquo;il a mis Washington dans son viseur et d\u00e9cid\u00e9 de faire souffrir ses ennemis \u00bb, l\u00e2che un Washingtonien. Un autre habitant rench\u00e9rit\u00a0: \u00ab\u00a0Il nous parle de loi et d&rsquo;ordre et de crime, alors que c&rsquo;est lui le criminel condamn\u00e9 qui a aussi provoqu\u00e9 une \u00e9meute et une attaque contre le Capitole.\u00a0\u00bb<\/p>\n<p class=\"a-read-more\">\u00c0 lire aussi<a href=\"https:\/\/www.rfi.fr\/fr\/am\u00e9riques\/20250811-\u00e9tats-unis-donald-trump-place-le-maintien-de-l-ordre-\u00e0-washington-sous-contr\u00f4le-f\u00e9d\u00e9ral\" target=\"_self\" class=\"a-read-more__link\" rel=\"noopener\">\u00c9tats-Unis: Donald Trump place le maintien de l&rsquo;ordre \u00e0 Washington sous contr\u00f4le f\u00e9d\u00e9ral<\/a><\/p>\n<p>\u00c0 terme, 800 membres de la Garde nationale devraient \u00eatre d\u00e9ploy\u00e9s, en plus de dizaines d&rsquo;agents f\u00e9d\u00e9raux charg\u00e9s d&rsquo;intervenir comme le ferait la police. Un dispositif exceptionnel dont les habitants du quartier de Deanwood ont \u00e9t\u00e9 les premiers t\u00e9moins\u00a0: \u00ab\u00a0On a vu dix voitures arriver en trombe. Ils sont sortis, les armes \u00e0 la main en hurlant\u00a0: \u00ab\u00a0Viens ici\u00a0!\u00a0\u00bb. Les gens ont eu peur parce qu&rsquo;avec les v\u00e9hicules banalis\u00e9s, on ne savait pas qui c&rsquo;\u00e9tait. Effray\u00e9s, certains ont pris la fuite et l&rsquo;un des agents a ouvert le feu.\u00a0\u00bb<\/p>\n<p>Tyrese Stevenson d\u00e9crit des sc\u00e8nes de panique. Sur les vid\u00e9os qu&rsquo;il a film\u00e9es, on voit des dizaines d&rsquo;agents masqu\u00e9s portant des gilets pare-balles avec les initiales de leurs agences\u00a0: FBI, DEA, police des transports\u2026\u00a0<\/p>\n<p>Une d\u00e9monstration de force inacceptable selon Anthony Lorenzo Green, un \u00e9lu local qui affirme qu&rsquo;ici, comme ailleurs, le crime est en baisse\u00a0: \u00ab\u00a0C&rsquo;est un quartier o\u00f9 les gens ont l&rsquo;habitude, l&rsquo;\u00e9t\u00e9, de rester tard devant leur maisons, dans leur jardin, ou juste de se balader. Ils ne commettent pas de crimes, ils vivent, c&rsquo;est tout. Donc voir arriver des patrouilles qui agissent comme \u00e7a, c&rsquo;est inqui\u00e9tant.\u00a0\u00bb<\/p>\n<p>L&rsquo;\u00e9lu estime que les moyens d\u00e9pens\u00e9s devraient plut\u00f4t servir \u00e0 financer des programmes pour jeunes, des programmes de lutte contre les violences polici\u00e8res ou des infrastructures. Il craint de voir les mesures s\u00e9curitaires de Donald Trump cibler plus durement les minorit\u00e9s et les communaut\u00e9s afro-am\u00e9ricaines, comme \u00e0 Deanwood.<\/p>\n<p class=\"a-read-more\">\u00c0 lire aussi<a href=\"https:\/\/www.rfi.fr\/fr\/am\u00e9riques\/20250812-\u00e9tats-unis-ces-images-ne-montrent-pas-le-d\u00e9ploiement-de-la-garde-nationale-\u00e0-washington\" target=\"_self\" class=\"a-read-more__link\" rel=\"noopener\">\u00c9tats-Unis: ces images ne montrent pas le d\u00e9ploiement de la Garde nationale \u00e0 Washington<\/a><\/p>\n","protected":false},"excerpt":{"rendered":"Coup de projecteur aujourd&rsquo;hui sur les \u00c9tats-Unis o\u00f9 Donald Trump a annonc\u00e9 qu&rsquo;il prenait le contr\u00f4le de la&hellip;\n","protected":false},"author":2,"featured_media":325766,"comment_status":"","ping_status":"","sticky":false,"template":"","format":"standard","meta":{"footnotes":""},"categories":[1589],"tags":[11,782,2951,75,73,1866,12,2436,104,1864,1865,1863,308],"class_list":{"0":"post-325765","1":"post","2":"type-post","3":"status-publish","4":"format-standard","5":"has-post-thumbnail","7":"category-etats-unis","8":"tag-actualites","9":"tag-ameriques","10":"tag-criminalite","11":"tag-donald-trump","12":"tag-etats-unis","13":"tag-etats-unis-damerique","14":"tag-news","15":"tag-reportage-international","16":"tag-societe","17":"tag-united-states","18":"tag-united-states-of-america","19":"tag-us","20":"tag-usa"},"share_on_mastodon":{"url":"https:\/\/pubeurope.com\/@fr\/115046469180224156","error":""},"_links":{"self":[{"href":"https:\/\/www.europesays.com\/fr\/wp-json\/wp\/v2\/posts\/325765","targetHints":{"allow":["GET"]}}],"collection":[{"href":"https:\/\/www.europesays.com\/fr\/wp-json\/wp\/v2\/posts"}],"about":[{"href":"https:\/\/www.europesays.com\/fr\/wp-json\/wp\/v2\/types\/post"}],"author":[{"embeddable":true,"href":"https:\/\/www.europesays.com\/fr\/wp-json\/wp\/v2\/users\/2"}],"replies":[{"embeddable":true,"href":"https:\/\/www.europesays.com\/fr\/wp-json\/wp\/v2\/comments?post=325765"}],"version-history":[{"count":0,"href":"https:\/\/www.europesays.com\/fr\/wp-json\/wp\/v2\/posts\/325765\/revisions"}],"wp:featuredmedia":[{"embeddable":true,"href":"https:\/\/www.europesays.com\/fr\/wp-json\/wp\/v2\/media\/325766"}],"wp:attachment":[{"href":"https:\/\/www.europesays.com\/fr\/wp-json\/wp\/v2\/media?parent=325765"}],"wp:term":[{"taxonomy":"category","embeddable":true,"href":"https:\/\/www.europesays.com\/fr\/wp-json\/wp\/v2\/categories?post=325765"},{"taxonomy":"post_tag","embeddable":true,"href":"https:\/\/www.europesays.com\/fr\/wp-json\/wp\/v2\/tags?post=325765"}],"curies":[{"name":"wp","href":"https:\/\/api.w.org\/{rel}","templated":true}]}}