{"id":325769,"date":"2025-08-17T22:30:31","date_gmt":"2025-08-17T22:30:31","guid":{"rendered":"https:\/\/www.europesays.com\/fr\/325769\/"},"modified":"2025-08-17T22:30:31","modified_gmt":"2025-08-17T22:30:31","slug":"un-match-de-coupe-dallemagne-interrompu-apres-des-injures-racistes-coupe-dallemagne-32es-lokomotive-leipzig-schalke-04-0-1-ap","status":"publish","type":"post","link":"https:\/\/www.europesays.com\/fr\/325769\/","title":{"rendered":"Un match de coupe d\u2019Allemagne interrompu apr\u00e8s des injures racistes &#8211; Coupe d&rsquo;Allemagne &#8211; 32es &#8211; Lokomotive Leipzig-Schalke 04 (0-1, AP)"},"content":{"rendered":"<p>\u00c7a ne s\u2019arr\u00eatera donc jamais ?<\/p>\n<p>Le 32e de finale de coupe d\u2019Allemagne entre le Lokomotive Leipzig (D4) et Schalke 04 (D2) <strong>a \u00e9t\u00e9 interrompu pendant quelques minutes ce dimanche, apr\u00e8s des injures racistes \u00e0 l\u2019encontre de Christopher Antwi-Adjei<\/strong>, joueur de l\u2019\u00e9quipe visiteuse. Apr\u00e8s seulement un quart d\u2019heure de jeu, ce dernier s\u2019est arr\u00eat\u00e9 au moment d\u2019effectuer une touche, avant d\u2019\u00e9changer avec l\u2019arbitre assistant, puis le central. Apr\u00e8s une discussion avec les deux capitaines, le jeu a finalement repris. \u00ab\u202fJe ne voulais pas en faire toute une histoire, mais je ne voulais pas non plus le tol\u00e9rer\u202f\u00bb, a affirm\u00e9 le piston droit apr\u00e8s la rencontre au micro de Sky Allemagne.<\/p>\n<p><strong>Son \u00e9quipe s\u2019est finalement impos\u00e9 apr\u00e8s prolongations<\/strong> gr\u00e2ce \u00e0 un but de Bryan Lasme, se qualifiant pour le prochain tour. <strong>Mais le sentiment d\u2019apr\u00e8s-match n\u2019\u00e9tait pas \u00e0 la joie<\/strong>. \u00ab\u202f\u00c7a n\u2019a rien \u00e0 faire sur un terrain de foot, et de fa\u00e7on plus g\u00e9n\u00e9rale au quotidien, poursuivait Antwi-Adjei. Je ne veux pas r\u00e9p\u00e9ter les mots qui ont \u00e9t\u00e9 dits. C\u2019est d\u00e9cevant. Je ne suis pas quelqu\u2019un qui rentre chez soi et pleure. Mais je trouve tout de m\u00eame d\u00e9cevant que ce genre de choses arrivent encore de nos jours sur un terrain.\u202f\u00bb<\/p>\n<p>Et des sanctions, c\u2019est possible ?<\/p>\n<p>\t\t\t\t\t\t\t\t\t\t<a class=\"lien-connexe\" href=\"https:\/\/www.sofoot.com\/breves\/des-nouvelles-de-loris-karius-du-cote-de-schalke\" rel=\"nofollow noopener\" target=\"_blank\">La derni\u00e8re dinguerie de Loris Karius du c\u00f4t\u00e9 de Schalke<\/a>\t\t\t\t\t<\/p>\n","protected":false},"excerpt":{"rendered":"\u00c7a ne s\u2019arr\u00eatera donc jamais ? Le 32e de finale de coupe d\u2019Allemagne entre le Lokomotive Leipzig (D4)&hellip;\n","protected":false},"author":2,"featured_media":325770,"comment_status":"","ping_status":"","sticky":false,"template":"","format":"standard","meta":{"footnotes":""},"categories":[1587],"tags":[47,11,61,672,69,1804,65,1805,1803,64,1777,674,63,1801,68,66,12,62,70,1802,67],"class_list":{"0":"post-325769","1":"post","2":"type-post","3":"status-publish","4":"format-standard","5":"has-post-thumbnail","7":"category-allemagne","8":"tag-actualite","9":"tag-actualites","10":"tag-actus-football","11":"tag-allemagne","12":"tag-bundesliga","13":"tag-bundesrepublik-deutschland","14":"tag-championnats-europeens","15":"tag-de","16":"tag-deutschland","17":"tag-equipe-de-france","18":"tag-eu","19":"tag-europe","20":"tag-football","21":"tag-germany","22":"tag-ligua","23":"tag-ligue-1","24":"tag-news","25":"tag-news-foot","26":"tag-premier-league","27":"tag-republique-federale-dallemagne","28":"tag-serie-a"},"share_on_mastodon":{"url":"https:\/\/pubeurope.com\/@fr\/115046476882010526","error":""},"_links":{"self":[{"href":"https:\/\/www.europesays.com\/fr\/wp-json\/wp\/v2\/posts\/325769","targetHints":{"allow":["GET"]}}],"collection":[{"href":"https:\/\/www.europesays.com\/fr\/wp-json\/wp\/v2\/posts"}],"about":[{"href":"https:\/\/www.europesays.com\/fr\/wp-json\/wp\/v2\/types\/post"}],"author":[{"embeddable":true,"href":"https:\/\/www.europesays.com\/fr\/wp-json\/wp\/v2\/users\/2"}],"replies":[{"embeddable":true,"href":"https:\/\/www.europesays.com\/fr\/wp-json\/wp\/v2\/comments?post=325769"}],"version-history":[{"count":0,"href":"https:\/\/www.europesays.com\/fr\/wp-json\/wp\/v2\/posts\/325769\/revisions"}],"wp:featuredmedia":[{"embeddable":true,"href":"https:\/\/www.europesays.com\/fr\/wp-json\/wp\/v2\/media\/325770"}],"wp:attachment":[{"href":"https:\/\/www.europesays.com\/fr\/wp-json\/wp\/v2\/media?parent=325769"}],"wp:term":[{"taxonomy":"category","embeddable":true,"href":"https:\/\/www.europesays.com\/fr\/wp-json\/wp\/v2\/categories?post=325769"},{"taxonomy":"post_tag","embeddable":true,"href":"https:\/\/www.europesays.com\/fr\/wp-json\/wp\/v2\/tags?post=325769"}],"curies":[{"name":"wp","href":"https:\/\/api.w.org\/{rel}","templated":true}]}}