{"id":325773,"date":"2025-08-17T22:34:40","date_gmt":"2025-08-17T22:34:40","guid":{"rendered":"https:\/\/www.europesays.com\/fr\/325773\/"},"modified":"2025-08-17T22:34:40","modified_gmt":"2025-08-17T22:34:40","slug":"zelensky-reunit-les-leaders-europeens-et-de-lotan-en-visioconference-avant-sa-visite-a-washington","status":"publish","type":"post","link":"https:\/\/www.europesays.com\/fr\/325773\/","title":{"rendered":"Zelensky r\u00e9unit les leaders europ\u00e9ens et de l\u2019OTAN en visioconf\u00e9rence avant sa visite \u00e0 Washington"},"content":{"rendered":"<p>Une rencontre virtuelle r\u00e9unissant les dirigeants de l\u2019OTAN, de l\u2019Union europ\u00e9enne et le pr\u00e9sident ukrainien Volodymyr Zelensky s\u2019est ouverte dans le cadre de la Coalition des volontaires.<\/p>\n<p style=\"text-align: justify;\">\u00c0 Bruxelles, Zelensky a soulign\u00e9 l\u2019importance de la coordination transatlantique. \u00ab\u202fToute votre aide depuis le d\u00e9but de cette guerre est cruciale. Il est essentiel que nous soyons unis pour dialoguer avec les \u00c9tats-Unis. Aujourd\u2019hui, nous d\u00e9finissons, dans plusieurs formats, les sujets que nous aborderons demain \u00e0 Washington\u202f\u00bb, a-t-il d\u00e9clar\u00e9 lors d\u2019une conf\u00e9rence de presse aux c\u00f4t\u00e9s de la pr\u00e9sidente de la Commission europ\u00e9enne, Ursula von der Leyen.<\/p>\n<p style=\"text-align: justify;\">Le pr\u00e9sident ukrainien a insist\u00e9 sur la n\u00e9cessit\u00e9 de maintenir l\u2019unit\u00e9 de l\u2019Europe : \u00ab\u202fL\u2019Europe doit rester aussi soud\u00e9e qu\u2019au d\u00e9but de la guerre, en 2022.\u202f\u00bb<\/p>\n<p style=\"text-align: justify;\">La vid\u00e9oconf\u00e9rence a \u00e9t\u00e9 ouverte par le pr\u00e9sident fran\u00e7ais Emmanuel Macron, qui a salu\u00e9 tous les participants, en particulier ceux connect\u00e9s depuis l\u2019Australie et le Japon. \u00ab\u202fNous avons plusieurs objectifs\u202f\u00bb, a indiqu\u00e9 Macron, en \u00e9voquant notamment \u00ab\u202fl\u2019\u00e9laboration d\u2019une strat\u00e9gie en vue de la visite de Zelensky \u00e0 Washington demain\u202f\u00bb, rapporte la BBC.<\/p>\n<p style=\"text-align: justify;\">Parmi les participants figuraient \u00e9galement le Premier ministre britannique Keir Starmer, la Premi\u00e8re ministre italienne Giorgia Meloni, le chancelier allemand Friedrich Merz et la pr\u00e9sidente de la Commission europ\u00e9enne Ursula von der Leyen.<\/p>\n","protected":false},"excerpt":{"rendered":"Une rencontre virtuelle r\u00e9unissant les dirigeants de l\u2019OTAN, de l\u2019Union europ\u00e9enne et le pr\u00e9sident ukrainien Volodymyr Zelensky s\u2019est&hellip;\n","protected":false},"author":2,"featured_media":325774,"comment_status":"","ping_status":"","sticky":false,"template":"","format":"standard","meta":{"footnotes":""},"categories":[1586],"tags":[11,1777,674,1779,1011,27,12,25,1778,364],"class_list":{"0":"post-325773","1":"post","2":"type-post","3":"status-publish","4":"format-standard","5":"has-post-thumbnail","7":"category-europe","8":"tag-actualites","9":"tag-eu","10":"tag-europe","11":"tag-european-union","12":"tag-fr","13":"tag-france","14":"tag-news","15":"tag-republique-francaise","16":"tag-ue","17":"tag-union-europeenne"},"share_on_mastodon":{"url":"https:\/\/pubeurope.com\/@fr\/115046492647268696","error":""},"_links":{"self":[{"href":"https:\/\/www.europesays.com\/fr\/wp-json\/wp\/v2\/posts\/325773","targetHints":{"allow":["GET"]}}],"collection":[{"href":"https:\/\/www.europesays.com\/fr\/wp-json\/wp\/v2\/posts"}],"about":[{"href":"https:\/\/www.europesays.com\/fr\/wp-json\/wp\/v2\/types\/post"}],"author":[{"embeddable":true,"href":"https:\/\/www.europesays.com\/fr\/wp-json\/wp\/v2\/users\/2"}],"replies":[{"embeddable":true,"href":"https:\/\/www.europesays.com\/fr\/wp-json\/wp\/v2\/comments?post=325773"}],"version-history":[{"count":0,"href":"https:\/\/www.europesays.com\/fr\/wp-json\/wp\/v2\/posts\/325773\/revisions"}],"wp:featuredmedia":[{"embeddable":true,"href":"https:\/\/www.europesays.com\/fr\/wp-json\/wp\/v2\/media\/325774"}],"wp:attachment":[{"href":"https:\/\/www.europesays.com\/fr\/wp-json\/wp\/v2\/media?parent=325773"}],"wp:term":[{"taxonomy":"category","embeddable":true,"href":"https:\/\/www.europesays.com\/fr\/wp-json\/wp\/v2\/categories?post=325773"},{"taxonomy":"post_tag","embeddable":true,"href":"https:\/\/www.europesays.com\/fr\/wp-json\/wp\/v2\/tags?post=325773"}],"curies":[{"name":"wp","href":"https:\/\/api.w.org\/{rel}","templated":true}]}}