{"id":325777,"date":"2025-08-17T22:40:13","date_gmt":"2025-08-17T22:40:13","guid":{"rendered":"https:\/\/www.europesays.com\/fr\/325777\/"},"modified":"2025-08-17T22:40:13","modified_gmt":"2025-08-17T22:40:13","slug":"championnats-de-france-jeunes-2025-top-depart-avec-les-u14","status":"publish","type":"post","link":"https:\/\/www.europesays.com\/fr\/325777\/","title":{"rendered":"Championnats de France Jeunes 2025 : top d\u00e9part avec les U14"},"content":{"rendered":"<p>Les <strong>Championnats de France Jeunes de padel 2025<\/strong> d\u00e9butent ce lundi 18 ao\u00fbt, et ce sont les <strong>cat\u00e9gories U14<\/strong> qui ouvrent le bal. Les jeunes talents venus de toute la France vont en d\u00e9coudre pour d\u00e9crocher le titre national, dans une ambiance \u00e0 la fois comp\u00e9titive et conviviale.<\/p>\n<p>L\u2019Occitanie et la PACA apparaissent sur le papier comme les grandes favorites de la comp\u00e9tition. Elles seront respectivement t\u00eates de s\u00e9rie n\u00b01 et n\u00b02, b\u00e9n\u00e9ficiant ainsi d\u2019un bye au premier tour.<\/p>\n<p>Le programme des rencontres U14<\/p>\n<p>Le tableau final U14 est d\u00e9sormais connu et la programmation a \u00e9t\u00e9 \u00e9tablie pour les trois jours de comp\u00e9tition :<\/p>\n<ul class=\"wp-block-list\">\n<li><strong>Lundi 9h00 (1er tour)<\/strong> : double filles, double 2 gar\u00e7ons, double 1 gar\u00e7ons<\/li>\n<li><strong>Lundi 15h00 (2\u00e8me tour)<\/strong> : double 2 gar\u00e7ons, double filles, double 1 gar\u00e7ons<\/li>\n<li><strong>Mardi 9h00 (3\u00e8me tour)<\/strong> : double 1 gar\u00e7ons, double 2 gar\u00e7ons, double filles<\/li>\n<li><strong>Mardi 15h00 (4\u00e8me tour \u2013 places 5 \u00e0 14)<\/strong> : double 1 gar\u00e7ons, double 2 gar\u00e7ons, double filles<\/li>\n<li><strong>Mercredi 9h00 (finale et match pour la 3e place)<\/strong> : double 1 gar\u00e7ons, double 2 gar\u00e7ons, double filles<\/li>\n<\/ul>\n<p>Des jours intenses \u00e0 venir<\/p>\n<p>Avec un encha\u00eenement de rencontres sur trois journ\u00e9es, les jeunes joueurs et joueuses vont devoir montrer non seulement leur talent, mais aussi leur endurance. Suivrons ensuite les Championnats de France U16 puis on terminera par les U18.<\/p>\n<p><img loading=\"lazy\" decoding=\"async\" data-del=\"avatar\" alt=\"Franck Binisti\" src=\"https:\/\/www.europesays.com\/fr\/wp-content\/uploads\/2025\/04\/Franck-Binisti-Padel-100x100.jpg\" class=\"avatar pp-user-avatar avatar-100 photo \" height=\"100\" width=\"100\"\/><\/p>\n<p>Franck Binisti d\u00e9couvre le padel au Club des Pyramides en 2009 en r\u00e9gion parisienne. Depuis, le padel fait partie de sa vie. Vous le voyez souvent faire le tour de France en allant couvrir les grands \u00e9v\u00e9nements de padel fran\u00e7ais.<\/p>\n<p class=\"related-title\">Sur le m\u00eame sujet<\/p>\n","protected":false},"excerpt":{"rendered":"Les Championnats de France Jeunes de padel 2025 d\u00e9butent ce lundi 18 ao\u00fbt, et ce sont les cat\u00e9gories&hellip;\n","protected":false},"author":2,"featured_media":318616,"comment_status":"","ping_status":"","sticky":false,"template":"","format":"standard","meta":{"footnotes":""},"categories":[4],"tags":[11,45686,1011,27,12,25],"class_list":{"0":"post-325777","1":"post","2":"type-post","3":"status-publish","4":"format-standard","5":"has-post-thumbnail","7":"category-france","8":"tag-actualites","9":"tag-championnats-de-france-de-padel-jeunes","10":"tag-fr","11":"tag-france","12":"tag-news","13":"tag-republique-francaise"},"share_on_mastodon":{"url":"https:\/\/pubeurope.com\/@fr\/115046516821090031","error":""},"_links":{"self":[{"href":"https:\/\/www.europesays.com\/fr\/wp-json\/wp\/v2\/posts\/325777","targetHints":{"allow":["GET"]}}],"collection":[{"href":"https:\/\/www.europesays.com\/fr\/wp-json\/wp\/v2\/posts"}],"about":[{"href":"https:\/\/www.europesays.com\/fr\/wp-json\/wp\/v2\/types\/post"}],"author":[{"embeddable":true,"href":"https:\/\/www.europesays.com\/fr\/wp-json\/wp\/v2\/users\/2"}],"replies":[{"embeddable":true,"href":"https:\/\/www.europesays.com\/fr\/wp-json\/wp\/v2\/comments?post=325777"}],"version-history":[{"count":0,"href":"https:\/\/www.europesays.com\/fr\/wp-json\/wp\/v2\/posts\/325777\/revisions"}],"wp:featuredmedia":[{"embeddable":true,"href":"https:\/\/www.europesays.com\/fr\/wp-json\/wp\/v2\/media\/318616"}],"wp:attachment":[{"href":"https:\/\/www.europesays.com\/fr\/wp-json\/wp\/v2\/media?parent=325777"}],"wp:term":[{"taxonomy":"category","embeddable":true,"href":"https:\/\/www.europesays.com\/fr\/wp-json\/wp\/v2\/categories?post=325777"},{"taxonomy":"post_tag","embeddable":true,"href":"https:\/\/www.europesays.com\/fr\/wp-json\/wp\/v2\/tags?post=325777"}],"curies":[{"name":"wp","href":"https:\/\/api.w.org\/{rel}","templated":true}]}}