{"id":325778,"date":"2025-08-17T22:43:19","date_gmt":"2025-08-17T22:43:19","guid":{"rendered":"https:\/\/www.europesays.com\/fr\/325778\/"},"modified":"2025-08-17T22:43:19","modified_gmt":"2025-08-17T22:43:19","slug":"le-meilleur-joueur-de-premiership-pourrait-debarquer-en-top-14","status":"publish","type":"post","link":"https:\/\/www.europesays.com\/fr\/325778\/","title":{"rendered":"Le meilleur joueur de Premiership pourrait d\u00e9barquer en Top 14 !"},"content":{"rendered":"<p>L\u2019information est relay\u00e9e par Rugby Pass.<\/p>\n<p>Le meilleur joueur de la saison 2024 \/ 2025 de Premiership pourrait d\u00e9barquer en Top 14 d\u00e8s l\u2019\u00e9t\u00e9 prochain.<\/p>\n<p>En effet, le demi-de-m\u00eal\u00e9e international Gallois Tomos Williams serait courtis\u00e9 par plusieurs clubs Fran\u00e7ais.<\/p>\n<p>Le joueur de 30 ans qui compte 66 s\u00e9lections avec le Pays-de-Galles verra son contrat arriver \u00e0 terme avec Gloucester au mois de juin 2026.<\/p>\n<p>D\u00e8s lors, il sera libre de tout contrat et pourra donc s\u2019engager avec un club du Top 14.<\/p>\n<p>A noter toutefois que plusieurs clubs Anglais se seraient \u00e9galement positionn\u00e9 sur le demi-de-m\u00eal\u00e9e Gallois.<\/p>\n<p>La France ou l\u2019Angleterre pour Tomos Williams ?<\/p>\n<p><strong>Affaire \u00e0 suivre\u2026<\/strong><\/p>\n","protected":false},"excerpt":{"rendered":"L\u2019information est relay\u00e9e par Rugby Pass. Le meilleur joueur de la saison 2024 \/ 2025 de Premiership pourrait&hellip;\n","protected":false},"author":2,"featured_media":325779,"comment_status":"","ping_status":"","sticky":false,"template":"","format":"standard","meta":{"footnotes":""},"categories":[1416],"tags":[1011,27,479,1468,60],"class_list":{"0":"post-325778","1":"post","2":"type-post","3":"status-publish","4":"format-standard","5":"has-post-thumbnail","7":"category-rugby","8":"tag-fr","9":"tag-france","10":"tag-rugby","11":"tag-rugby-football","12":"tag-sports"},"share_on_mastodon":{"url":"https:\/\/pubeurope.com\/@fr\/115046528022813472","error":""},"_links":{"self":[{"href":"https:\/\/www.europesays.com\/fr\/wp-json\/wp\/v2\/posts\/325778","targetHints":{"allow":["GET"]}}],"collection":[{"href":"https:\/\/www.europesays.com\/fr\/wp-json\/wp\/v2\/posts"}],"about":[{"href":"https:\/\/www.europesays.com\/fr\/wp-json\/wp\/v2\/types\/post"}],"author":[{"embeddable":true,"href":"https:\/\/www.europesays.com\/fr\/wp-json\/wp\/v2\/users\/2"}],"replies":[{"embeddable":true,"href":"https:\/\/www.europesays.com\/fr\/wp-json\/wp\/v2\/comments?post=325778"}],"version-history":[{"count":0,"href":"https:\/\/www.europesays.com\/fr\/wp-json\/wp\/v2\/posts\/325778\/revisions"}],"wp:featuredmedia":[{"embeddable":true,"href":"https:\/\/www.europesays.com\/fr\/wp-json\/wp\/v2\/media\/325779"}],"wp:attachment":[{"href":"https:\/\/www.europesays.com\/fr\/wp-json\/wp\/v2\/media?parent=325778"}],"wp:term":[{"taxonomy":"category","embeddable":true,"href":"https:\/\/www.europesays.com\/fr\/wp-json\/wp\/v2\/categories?post=325778"},{"taxonomy":"post_tag","embeddable":true,"href":"https:\/\/www.europesays.com\/fr\/wp-json\/wp\/v2\/tags?post=325778"}],"curies":[{"name":"wp","href":"https:\/\/api.w.org\/{rel}","templated":true}]}}