{"id":325786,"date":"2025-08-17T22:48:12","date_gmt":"2025-08-17T22:48:12","guid":{"rendered":"https:\/\/www.europesays.com\/fr\/325786\/"},"modified":"2025-08-17T22:48:12","modified_gmt":"2025-08-17T22:48:12","slug":"cyclisme-tour-du-portugal-rafael-reis-le-chrono-final-2e-sacre-pour-nych-devant-guerin","status":"publish","type":"post","link":"https:\/\/www.europesays.com\/fr\/325786\/","title":{"rendered":"Cyclisme. Tour du Portugal &#8211; Rafael Reis le chrono final, 2e sacre pour Nych devant Gu\u00e9rin"},"content":{"rendered":"<p>Carton plein pour l&rsquo;\u00e9quipe <strong>Anicolor &#8211; Tien21<\/strong> sur son tour national ! Le <strong><a href=\"https:\/\/www.cyclismactu.net\/..\/news-tour-du-portugal-route-nicolas-tivani-double-mise-alexis-guerin-se-rapproche-89631.html\" target=\"_blank\" rel=\"nofollow noopener\">Tour du Portugal<\/a><\/strong> s&rsquo;est achev\u00e9 en beaut\u00e9 et comme il avait commenc\u00e9 pour la formation portugaise : avec la victoire\u00a0du sp\u00e9cialiste de l&rsquo;effort solitaire\u00a0<strong>Rafael Reis<\/strong> sur le contre-la-montre final faisant office de 10e \u00e9tape. Le laur\u00e9at du prologue s&rsquo;est impos\u00e9 avec un temps de 18 minutes et 55 secondes pour boucler le parcours de 16,7 km dans les rues de Lisbonne, soit 16 secondes d&rsquo;avance sur son dauphin et co\u00e9quipier&#8230;\u00a0<strong>Artem Nych<\/strong>. Avec cet excellent r\u00e9sultat, le Russe et porteur du maillot Jaune valide donc sans souci son triomphe au classement g\u00e9n\u00e9ral pour la deuxi\u00e8me ann\u00e9e de suite. Un doubl\u00e9 m\u00e9rit\u00e9 au vu de sa r\u00e9gularit\u00e9, car s&rsquo;il n&rsquo;a pas pu lever les bras \u00e0 l&rsquo;issue de ces 11 jours de course, il a pris place \u00e0 sept reprises dans le top 5.<\/p>\n<p>Vid\u00e9o &#8211; Alexis Gu\u00e9rin termine 2e de ce Tour du Portugal Lire la suite de l&rsquo;article&#13;<\/p>\n<p>\u00a0<\/p>\n<p>&#13;<br \/>\nAlexis Gu\u00e9rin confirme sa belle forme au Portugal&#13;<\/p>\n<p>Un doubl\u00e9 sur cette 10e \u00e9tape assorti d&rsquo;un autre au g\u00e9n\u00e9ral, puisque le Fran\u00e7ais\u00a0<strong><strong>Alexis Gu\u00e9rin<\/strong><\/strong> (10e du chrono\u00a0\u00e0 52&Prime;) conclut sa premi\u00e8re participation \u00e0 l&rsquo;\u00e9preuve portugaise par une 2e place finale, \u00e0 1&rsquo;15\u00a0\u00bb de son co\u00e9quipier. Seul Tricolore sur la ligen de d\u00e9part, le natif de Libourne confirme \u00e0 33 ans sa tr\u00e8s belle forme sur le circuit ib\u00e9rique cette saison : victoire sur la <strong>Classica Aldeias do Xisto<\/strong>, 3e du <strong>Tour des Asturies<\/strong>, vainqueur du\u00a0<strong>GP Beiras e Serra da Estrela<\/strong>\u00a0et du\u00a0<strong>GP Torres Vedras<\/strong>, et donc 2e du <strong>Tour du Portugal<\/strong>.\u00a0C&rsquo;est finalement le Sud-Africain\u00a0<strong>Byron Munton<\/strong> (Feirense &#8211; Beeceler) qui accompagne les deux coureurs\u00a0<strong>Anicolor &#8211; Tien21<\/strong>\u00a0sur le podium gr\u00e2ce \u00e0 sa 8e place du jour, son rival colombien\u00a0<strong>Jesus David Pe\u00f1a<\/strong> (AP Hotels &amp; Resorts &#8211; Tavira &#8211; SC Farense) ne terminant lui que 31e.<\/p>\n","protected":false},"excerpt":{"rendered":"Carton plein pour l&rsquo;\u00e9quipe Anicolor &#8211; Tien21 sur son tour national ! Le Tour du Portugal s&rsquo;est achev\u00e9&hellip;\n","protected":false},"author":2,"featured_media":325787,"comment_status":"","ping_status":"","sticky":false,"template":"","format":"standard","meta":{"footnotes":""},"categories":[1411],"tags":[1154,207,211,1011,27,209,60,210,44247,212,208,213],"class_list":{"0":"post-325786","1":"post","2":"type-post","3":"status-publish","4":"format-standard","5":"has-post-thumbnail","7":"category-cyclisme","8":"tag-cycling","9":"tag-cyclisme","10":"tag-ffc","11":"tag-fr","12":"tag-france","13":"tag-route","14":"tag-sports","15":"tag-tour-de-france","16":"tag-tour-du-portugal","17":"tag-uci","18":"tag-velo","19":"tag-world-tour"},"share_on_mastodon":{"url":"https:\/\/pubeurope.com\/@fr\/115046547901855226","error":""},"_links":{"self":[{"href":"https:\/\/www.europesays.com\/fr\/wp-json\/wp\/v2\/posts\/325786","targetHints":{"allow":["GET"]}}],"collection":[{"href":"https:\/\/www.europesays.com\/fr\/wp-json\/wp\/v2\/posts"}],"about":[{"href":"https:\/\/www.europesays.com\/fr\/wp-json\/wp\/v2\/types\/post"}],"author":[{"embeddable":true,"href":"https:\/\/www.europesays.com\/fr\/wp-json\/wp\/v2\/users\/2"}],"replies":[{"embeddable":true,"href":"https:\/\/www.europesays.com\/fr\/wp-json\/wp\/v2\/comments?post=325786"}],"version-history":[{"count":0,"href":"https:\/\/www.europesays.com\/fr\/wp-json\/wp\/v2\/posts\/325786\/revisions"}],"wp:featuredmedia":[{"embeddable":true,"href":"https:\/\/www.europesays.com\/fr\/wp-json\/wp\/v2\/media\/325787"}],"wp:attachment":[{"href":"https:\/\/www.europesays.com\/fr\/wp-json\/wp\/v2\/media?parent=325786"}],"wp:term":[{"taxonomy":"category","embeddable":true,"href":"https:\/\/www.europesays.com\/fr\/wp-json\/wp\/v2\/categories?post=325786"},{"taxonomy":"post_tag","embeddable":true,"href":"https:\/\/www.europesays.com\/fr\/wp-json\/wp\/v2\/tags?post=325786"}],"curies":[{"name":"wp","href":"https:\/\/api.w.org\/{rel}","templated":true}]}}