{"id":32579,"date":"2025-04-17T22:14:14","date_gmt":"2025-04-17T22:14:14","guid":{"rendered":"https:\/\/www.europesays.com\/fr\/32579\/"},"modified":"2025-04-17T22:14:14","modified_gmt":"2025-04-17T22:14:14","slug":"avion-abattu-a-teheran-liran-poursuit-le-royaume-uni-le-canada-la-suede-et-lukraine","status":"publish","type":"post","link":"https:\/\/www.europesays.com\/fr\/32579\/","title":{"rendered":"Avion abattu \u00e0 T\u00e9h\u00e9ran\u00a0: l\u2019Iran poursuit le Royaume-Uni, le Canada, la Su\u00e8de et l\u2019Ukraine"},"content":{"rendered":"<p>Jeudi 17\u00a0avril 2025, <a href=\"https:\/\/www.ouest-france.fr\/monde\/iran\/\" target=\"_self\" rel=\"noopener\">l\u2019Iran<\/a> a d\u00e9pos\u00e9 une plainte devant la Cour internationale de justice (CIJ) contre le Canada, la Su\u00e8de, l\u2019Ukraine et le Royaume-Uni, \u00e9crit l\u2019AFP. Au centre du litige, <a href=\"https:\/\/rennes.maville.com\/actu\/actudet_-iran.-un-boeing-737-d-ukraine-airlines-s-ecrase-avec-176-personnes-a-son-bord-aucun-survivant_54135-3961361_actu.Htm\" target=\"_self\" rel=\"noopener\">le vol Ukraine International Airlines 752<\/a>, abattu le 8\u00a0janvier 2020 par la d\u00e9fense antia\u00e9rienne iranienne, tuant 176\u00a0personnes. Des citoyens de ces quatre pays se trouvaient \u00e0 bord du vol qui reliait T\u00e9h\u00e9ran \u00e0 Kiev.<\/p>\n<p>Le recours de l\u2019Iran \u00e0 la CIJ vise \u00e0 faire appel d\u2019une d\u00e9cision prise en mars par l\u2019Organisation de l\u2019aviation civile internationale (OACI) des Nations unies. Cette derni\u00e8re, bas\u00e9e \u00e0 Montr\u00e9al, s\u2019est estim\u00e9e comp\u00e9tente pour statuer sur une plainte contre l\u2019Iran d\u00e9pos\u00e9e par les quatre pays, accusant T\u00e9h\u00e9ran d\u2019avoir <strong>\u00ab\u00a0utilis\u00e9 des armes contre un a\u00e9ronef civil en vol\u00a0\u00bb<\/strong>. Mais la R\u00e9publique islamique veut faire d\u00e9clarer l\u2019OACI incomp\u00e9tente par la CIJ afin d\u2019annuler sa d\u00e9cision.<\/p>\n<p>La CIJ d\u00e9j\u00e0 saisie pour faire payer l\u2019Iran<\/p>\n<p>Une d\u00e9cision salu\u00e9e notamment par le minist\u00e8re britannique des Affaires \u00e9trang\u00e8res, d\u00e9clarant qu\u2019elle permettait de <strong>\u00ab\u00a0faire un pas de plus vers la responsabilisation de l\u2019Iran pour la destruction ill\u00e9gale\u00a0\u00bb<\/strong> du Boeing 737-800. <strong>\u00ab\u00a0Nous allons maintenant passer \u00e0 la phase suivante de notre action contre l\u2019Iran aupr\u00e8s de l\u2019OACI. Nous restons d\u00e9termin\u00e9s \u00e0 obtenir justice, transparence et responsabilit\u00e9 pour les 176\u00a0victimes innocentes et leurs familles\u00a0\u00bb,<\/strong> a d\u00e9clar\u00e9 Londres.<\/p>\n<p><strong>Lire aussi\u00a0:<\/strong> <a href=\"https:\/\/rennes.maville.com\/actu\/actudet_-crash-aerien-en-iran-il-y-a-un-an-ce-n-est-pas-au-meurtrier-d-enqueter-sur-son-meurtre-_54135-4450874_actu.Htm\" target=\"_self\" rel=\"noopener\">Crash a\u00e9rien en Iran il y a un an\u00a0: \u00ab\u00a0Ce n\u2019est pas au meurtrier d\u2019enqu\u00eater sur son meurtre\u00a0\u00bb<\/a><\/p>\n<p>Le Canada, la Su\u00e8de, l\u2019Ukraine et le Royaume-Uni avaient d\u00e9j\u00e0 tra\u00een\u00e9 l\u2019Iran devant la CIJ en 2023 afin d\u2019obliger T\u00e9h\u00e9ran \u00e0 verser une <strong>\u00ab\u00a0indemnisation compl\u00e8te\u00a0\u00bb<\/strong> aux familles. En 2020, le pays avait propos\u00e9 de verser<strong> \u00ab\u00a0150\u00a0000\u00a0dollars ou l\u2019\u00e9quivalent en euros\u00a0\u00bb<\/strong> \u00e0 chacune des familles des victimes. Une annonce vivement critiqu\u00e9e par les autorit\u00e9s canadiennes et ukrainiennes, qui estiment que les compensations ne devraient pas \u00eatre r\u00e9gl\u00e9es par des d\u00e9clarations unilat\u00e9rales.<\/p>\n<p>\u00a0<\/p>\n","protected":false},"excerpt":{"rendered":"Jeudi 17\u00a0avril 2025, l\u2019Iran a d\u00e9pos\u00e9 une plainte devant la Cour internationale de justice (CIJ) contre le Canada,&hellip;\n","protected":false},"author":2,"featured_media":32580,"comment_status":"","ping_status":"","sticky":false,"template":"","format":"standard","meta":{"footnotes":""},"categories":[1588],"tags":[5943,11,37,574,1777,674,3019,12,2406,473,1853,7199,10734,1851,220,1850,1852,3165],"class_list":{"0":"post-32579","1":"post","2":"type-post","3":"status-publish","4":"format-standard","5":"has-post-thumbnail","7":"category-royaume-uni","8":"tag-abattu","9":"tag-actualites","10":"tag-avion","11":"tag-canada","12":"tag-eu","13":"tag-europe","14":"tag-iran","15":"tag-news","16":"tag-poursuit","17":"tag-royaume-uni","18":"tag-royaume-uni-de-grande-bretagne-et-dirlande-du-nord","19":"tag-suede","20":"tag-teheran","21":"tag-uk","22":"tag-ukraine","23":"tag-united-kingdom","24":"tag-united-kingdom-of-great-britain-and-northern-ireland","25":"tag-vannes"},"share_on_mastodon":{"url":"https:\/\/pubeurope.com\/@fr\/114355612104885422","error":""},"_links":{"self":[{"href":"https:\/\/www.europesays.com\/fr\/wp-json\/wp\/v2\/posts\/32579","targetHints":{"allow":["GET"]}}],"collection":[{"href":"https:\/\/www.europesays.com\/fr\/wp-json\/wp\/v2\/posts"}],"about":[{"href":"https:\/\/www.europesays.com\/fr\/wp-json\/wp\/v2\/types\/post"}],"author":[{"embeddable":true,"href":"https:\/\/www.europesays.com\/fr\/wp-json\/wp\/v2\/users\/2"}],"replies":[{"embeddable":true,"href":"https:\/\/www.europesays.com\/fr\/wp-json\/wp\/v2\/comments?post=32579"}],"version-history":[{"count":0,"href":"https:\/\/www.europesays.com\/fr\/wp-json\/wp\/v2\/posts\/32579\/revisions"}],"wp:featuredmedia":[{"embeddable":true,"href":"https:\/\/www.europesays.com\/fr\/wp-json\/wp\/v2\/media\/32580"}],"wp:attachment":[{"href":"https:\/\/www.europesays.com\/fr\/wp-json\/wp\/v2\/media?parent=32579"}],"wp:term":[{"taxonomy":"category","embeddable":true,"href":"https:\/\/www.europesays.com\/fr\/wp-json\/wp\/v2\/categories?post=32579"},{"taxonomy":"post_tag","embeddable":true,"href":"https:\/\/www.europesays.com\/fr\/wp-json\/wp\/v2\/tags?post=32579"}],"curies":[{"name":"wp","href":"https:\/\/api.w.org\/{rel}","templated":true}]}}