{"id":325792,"date":"2025-08-17T22:51:12","date_gmt":"2025-08-17T22:51:12","guid":{"rendered":"https:\/\/www.europesays.com\/fr\/325792\/"},"modified":"2025-08-17T22:51:12","modified_gmt":"2025-08-17T22:51:12","slug":"cette-photographe-reputee-expose-dans-ce-village-du-calvados","status":"publish","type":"post","link":"https:\/\/www.europesays.com\/fr\/325792\/","title":{"rendered":"cette photographe r\u00e9put\u00e9e expose dans ce village du Calvados"},"content":{"rendered":"<p>            Par<br \/>\n        <strong><br \/>\n            <a href=\"https:\/\/actu.fr\/auteur\/redaction-oc\" title=\"Consulter tous les articles de R\u00e9daction Flers\" target=\"_blank\" rel=\"noopener\">R\u00e9daction Flers<\/a><br \/>\n        <\/strong><\/p>\n<p>        Publi\u00e9 le<\/p>\n<p>            17 ao\u00fbt 2025 \u00e0 12h48        <\/p>\n<p>La photographe Marie-Christine Chantrait vit sur la fronti\u00e8re de l\u2019<a href=\"https:\/\/actu.fr\/normandie\/orne_61\" target=\"_blank\" rel=\"noopener\">Orne<\/a> et du <a href=\"https:\/\/actu.fr\/14actu\/\" target=\"_blank\" rel=\"noopener\">Calvados<\/a> \u00e0 <a href=\"https:\/\/actu.fr\/normandie\/necy_61303\" target=\"_blank\" rel=\"noopener\">N\u00e9cy<\/a>. Apr\u00e8s des <b>\u00e9tudes de droit <\/b>international effectu\u00e9es \u00e0 Paris par humanisme et une carri\u00e8re bancaire : \u00ab Au lieu de changer le monde, j\u2019ai d\u00e9cid\u00e9 de <b>me changer<\/b> moi-m\u00eame. \u00bb<\/p>\n<p>La photographie arrive dans sa vie<\/p>\n<p class=\" wall-content\">Elle expose ses <a href=\"https:\/\/actu.fr\/tag\/photographie\" target=\"_blank\" rel=\"noopener\">photographies<\/a> \u00e0 <a href=\"https:\/\/actu.fr\/normandie\/clecy_14162\" target=\"_blank\" rel=\"noopener\">Cl\u00e9cy<\/a> jusqu\u2019au 31 ao\u00fbt 2025.<\/p>\n<blockquote class=\"ac-article-quote wall-content\">\n<p>\u00c0 la suite d\u2019une d\u00e9prime, j\u2019ai demand\u00e9 \u00e0 l\u2019univers un m\u00e9tier dans lequel je puisse m\u2019\u00e9panouir.<\/p>\n<p>Marie-Christine Chantrait<\/p><\/blockquote>\n<p class=\" wall-content\">C\u2019est alors qu\u2019elle emprunte le<b> petit appareil photo de son fr\u00e8re<\/b> pour le mariage d\u2019un ami o\u00f9 elle rencontre des photographes professionnels qui la poussent \u00e0 se lancer car ils lui reconnaissent un regard.<\/p>\n<p>Photographe et reporter<\/p>\n<p class=\" wall-content\">\u00ab Au vu du r\u00e9sultat des photos, j\u2019ai d\u00e9cid\u00e9 d\u2019<b>apprendre<\/b> \u00e0 ma\u00eetriser l\u2019art de la photographie. \u00bb<\/p>\n<p class=\" wall-content\">Voil\u00e0 donc Marie-Christine Chantrait partant \u00e0 <a href=\"https:\/\/actu.fr\/marseille\/\" target=\"_blank\" rel=\"noopener\">Marseille<\/a> pour \u00e9tudier dans une \u00e9cole de photographie.<\/p>\n<p>Vid\u00e9os : en ce moment sur Actu<\/p>\n<p class=\" wall-content\">Par la suite, elle sera reporter \u00e0 Marseille pour des journaux comme Le Proven\u00e7al, La Marseillaise et au Conseil r\u00e9gional. Elle a gagn\u00e9 plusieurs <b>concours<\/b> de photos dont celui de Caen La paix, la ville de Marseille et le premier prix du concours photo de La Marseillaise.<\/p>\n<p class=\" wall-content\">Au moment du passage de l\u2019argentique au <b>num\u00e9rique<\/b>, Marie-Christine Chantrait revient en Normandie o\u00f9 elle effectue un travail en immersion sur le <a href=\"https:\/\/actu.fr\/tag\/port-de-caen-ouistreham\" target=\"_blank\" rel=\"noopener\">port de Caen Ouistreham<\/a> appel\u00e9 Arr\u00eat au port, qui l\u2019a fait conna\u00eetre en Normandie en tant que reporter-photographe.<\/p>\n<p>De la Provence \u00e0 la Normandie<\/p>\n<p class=\" wall-content\">Elle sera notamment reporter photographe \u00e0 la ville de Caen puis en 2012 elle se met \u00e0 son compte en <b>ind\u00e9pendante<\/b>.<\/p>\n<p class=\" wall-content\">La vie, l\u2019amour, la lumi\u00e8re, la beaut\u00e9, la v\u00e9rit\u00e9, la libert\u00e9 l\u2019<b>inspirent<\/b> pour r\u00e9aliser ses clich\u00e9s aussi bien en couleur qu\u2019en noir et blanc.<\/p>\n<blockquote class=\"ac-article-quote wall-content\">\n<p>J\u2019aime \u00e0 r\u00e9v\u00e9ler la force de la vie, l\u2019\u00e9nergie vitale, la lumi\u00e8re vivante. Ma qu\u00eate int\u00e9rieure se traduit dans l\u2019acte photographique. La lumi\u00e8re visible vient en miroir de la lumi\u00e8re de la conscience. Chacune nous parle de l\u2019autre dans mes photographies : c\u2019est comme une correspondance de la lumi\u00e8re visible et de la conscience.<\/p>\n<p>Marie-Christine Chantrait<\/p><\/blockquote>\n<p class=\" wall-content\"><b>41 photographies<\/b> \u00e0 d\u00e9couvrir dans l\u2019exposition Terre et Feu. \u00ab Le feu, c\u2019est la chaleur, l\u2019\u00e9nergie de la lumi\u00e8re de la vie. \u00bb<\/p>\n<p class=\" wall-content\">Les photographies expos\u00e9es ont toutes \u00e9t\u00e9 prises dans un rayon de 30\u00a0km autour de N\u00e9cy. Certaines photos sont <b>l\u00e9gend\u00e9es d\u2019une fa\u00e7on originale<\/b>.<\/p>\n<p class=\" wall-content\">L\u2019attention port\u00e9e \u00e0 ses photos appelle \u00e0 une <b>s\u00e9r\u00e9nit\u00e9<\/b>, un apaisement\u2026 Il est n\u00e9cessaire de prendre du temps pour observer tous les d\u00e9tails de chaque photo.<\/p>\n<blockquote class=\"ac-article-quote wall-content\">\n<p>Je fais tout. De la prise de vue, du tirage \u00e0 l\u2019encadrement, rien n\u2019est laiss\u00e9 au hasard. Tout est en accord avec le message que je veux faire passer.<\/p>\n<p>Marie-Christine Chantrait<\/p><\/blockquote>\n<p class=\" wall-content\">De belles couleurs, des magnifiques <b>contrastes<\/b>, une minutie exceptionnelle dans ses clich\u00e9s vous invite \u00e0 la contemplation en cette fin d\u2019\u00e9t\u00e9.<\/p>\n<p>Marie-Christine Chantrait expose son travail photographique \u00ab\u00a0Terre et Feu\u00a0\u00bb aux Ateliers 48 de Cl\u00e9cy. La photographe vous accueille \u00e0 la galerie les samedis et dimanches de 10 h 30 \u00e0 18 h 30 jusqu\u2019au 31 ao\u00fbt, ce vendredi 15 ao\u00fbt apr\u00e8s-midi, ainsi que sur rendez-vous au 06 29 52 98 58.<\/p>\n<p class=\" wall-content\">Suivez toute l\u2019actualit\u00e9 de vos villes et m\u00e9dias favoris en vous inscrivant \u00e0 <a href=\"https:\/\/moncompte.actu.fr\" title=\"D\u00e9couvez Mon Actu\" rel=\"nofollow noopener\" data-trk=\"{&quot;cta&quot;:{&quot;action&quot;:&quot;https:\\\/\\\/moncompte.actu.fr&quot;,&quot;category&quot;:&quot;mon compte&quot;,&quot;from&quot;:&quot;article footer&quot;,&quot;name&quot;:&quot;Mon actu&quot;,&quot;type&quot;:&quot;cta&quot;}}\" target=\"_blank\">Mon Actu<\/a>.<\/p>\n","protected":false},"excerpt":{"rendered":"Par R\u00e9daction Flers Publi\u00e9 le 17 ao\u00fbt 2025 \u00e0 12h48 La photographe Marie-Christine Chantrait vit sur la fronti\u00e8re&hellip;\n","protected":false},"author":2,"featured_media":325793,"comment_status":"","ping_status":"","sticky":false,"template":"","format":"standard","meta":{"footnotes":""},"categories":[1358],"tags":[1348,1384,1385,1386,58,59,1011,27,1756,6046,104,20949],"class_list":{"0":"post-325792","1":"post","2":"type-post","3":"status-publish","4":"format-standard","5":"has-post-thumbnail","7":"category-arts-et-design","8":"tag-arts","9":"tag-arts-and-design","10":"tag-arts-et-design","11":"tag-design","12":"tag-divertissement","13":"tag-entertainment","14":"tag-fr","15":"tag-france","16":"tag-photographie","17":"tag-reconversion","18":"tag-societe","19":"tag-suisse-normande"},"share_on_mastodon":{"url":"https:\/\/pubeurope.com\/@fr\/115046559957643457","error":""},"_links":{"self":[{"href":"https:\/\/www.europesays.com\/fr\/wp-json\/wp\/v2\/posts\/325792","targetHints":{"allow":["GET"]}}],"collection":[{"href":"https:\/\/www.europesays.com\/fr\/wp-json\/wp\/v2\/posts"}],"about":[{"href":"https:\/\/www.europesays.com\/fr\/wp-json\/wp\/v2\/types\/post"}],"author":[{"embeddable":true,"href":"https:\/\/www.europesays.com\/fr\/wp-json\/wp\/v2\/users\/2"}],"replies":[{"embeddable":true,"href":"https:\/\/www.europesays.com\/fr\/wp-json\/wp\/v2\/comments?post=325792"}],"version-history":[{"count":0,"href":"https:\/\/www.europesays.com\/fr\/wp-json\/wp\/v2\/posts\/325792\/revisions"}],"wp:featuredmedia":[{"embeddable":true,"href":"https:\/\/www.europesays.com\/fr\/wp-json\/wp\/v2\/media\/325793"}],"wp:attachment":[{"href":"https:\/\/www.europesays.com\/fr\/wp-json\/wp\/v2\/media?parent=325792"}],"wp:term":[{"taxonomy":"category","embeddable":true,"href":"https:\/\/www.europesays.com\/fr\/wp-json\/wp\/v2\/categories?post=325792"},{"taxonomy":"post_tag","embeddable":true,"href":"https:\/\/www.europesays.com\/fr\/wp-json\/wp\/v2\/tags?post=325792"}],"curies":[{"name":"wp","href":"https:\/\/api.w.org\/{rel}","templated":true}]}}