{"id":325796,"date":"2025-08-17T22:53:14","date_gmt":"2025-08-17T22:53:14","guid":{"rendered":"https:\/\/www.europesays.com\/fr\/325796\/"},"modified":"2025-08-17T22:53:14","modified_gmt":"2025-08-17T22:53:14","slug":"il-passe-2-jours-suspendu-derriere-une-cascade-avant-detre-secouru","status":"publish","type":"post","link":"https:\/\/www.europesays.com\/fr\/325796\/","title":{"rendered":"Il passe 2 jours suspendu derri\u00e8re une cascade avant d&rsquo;\u00eatre secouru"},"content":{"rendered":"<ul class=\"jsx-862013697 ArticleChapo__List\">\n<li class=\"jsx-862013697 ArticleChapo__List_Item flex\">Un homme de 46 ans est rest\u00e9 bloqu\u00e9 pendant 48 heures derri\u00e8re une cascade dans laquelle il faisait du canyoning.<\/li>\n<li class=\"jsx-862013697 ArticleChapo__List_Item flex\">Originaire de Palm Beach, en Californie, il effectuait la descente en rappel sans aucune assistance.<\/li>\n<\/ul>\n<p data-module=\"article-paragraph\" class=\"jsx-3046738180 Paragraph Paragraph__End\">Chaque ann\u00e9e, des dizaines de personnes perdent la vie en faisant du canyoning dans les cours d&rsquo;eau des \u00c9tats-Unis. Ryan Wardwell, lui, a eu beaucoup de chance. L&rsquo;homme de 46 ans, originaire de Long Beach en Californie, a pass\u00e9 deux jours suspendus derri\u00e8re une cascade de la for\u00eat nationale de Sequoia de la Sierra Nevada avant d\u2019\u00eatre secouru par h\u00e9licopt\u00e8re, rapporte la cha\u00eene am\u00e9ricaine <a href=\"https:\/\/www.nbcnews.com\/news\/us-news\/climber-survives-2-days-california-waterfall-rescued-helicopter-rcna225329\" target=\"_blank\" rel=\"noopener\">NBC News (nouvelle fen\u00eatre)<\/a>.<\/p>\n<p data-module=\"article-paragraph\" class=\"jsx-3046738180 Paragraph Paragraph__End\">Le 10 ao\u00fbt dernier, le Californien s\u2019\u00e9tait rendu aux chutes d&rsquo;eau de Seven Teacups avec d\u2019autres grimpeurs. Une fois sur place, tous ont fait demi-tour apr\u00e8s avoir jug\u00e9 que la descente en rappel serait trop dangereuse. Mais pas lui. Au cours de la descente, il a perdu ses cordes de rappel et s&rsquo;est retrouv\u00e9 bloqu\u00e9 derri\u00e8re la cascade. Sans nouvelle de lui, la famille de Ryan Wardwell a contact\u00e9 la police d\u00e8s le lendemain matin pour signaler sa disparition.\u00a0<\/p>\n<p><a href=\"https:\/\/www.tf1info.fr\/international\/leur-chair-est-bleu-fluo-d-etranges-sangliers-preoccupent-les-autorites-en-californie-etats-unis-2388271.html\" rel=\"noopener\" class=\"jsx-3308031228 Link flex\" target=\"_blank\"><img decoding=\"async\" src=\"https:\/\/www.europesays.com\/fr\/wp-content\/uploads\/2025\/08\/sangliers-illus-9be0f9-0@1x.jpeg\" alt=\"AFP\" loading=\"lazy\" importance=\"low\" fetchpriority=\"low\" class=\"\" aria-hidden=\"true\"\/><\/p>\n<p class=\"jsx-3657663356 ReadMoreArticle__Title\">Lire aussi<\/p>\n<p class=\"jsx-3657663356\">Leur chair est \u00ab\u00a0bleu fluo\u00a0\u00bb : d&rsquo;\u00e9tranges sangliers pr\u00e9occupent les autorit\u00e9s en Californie<\/p>\n<p><\/a><\/p>\n<p data-module=\"article-paragraph\" class=\"jsx-3046738180 Paragraph Paragraph__End\">Lorsque les secours sont arriv\u00e9s sur place, la nuit tombait. L\u2019homme a pu \u00eatre localis\u00e9 \u00e0 l&rsquo;aide d&rsquo;une technologie infrarouge. Les op\u00e9rations ont d\u00e9but\u00e9 aux premi\u00e8res lueurs du jour, avec l&rsquo;aide d&rsquo;un h\u00e9licopt\u00e8re. La victime a pu \u00eatre h\u00e9litreuill\u00e9e. Ryan Wardwell souffrait d&rsquo;hypothermie, mais n&rsquo;\u00e9tait pas bless\u00e9. Selon la police, trois personnes se sont noy\u00e9es \u00e0 peu pr\u00e8s au m\u00eame endroit en ao\u00fbt 2024.<\/p>\n<p>M.D.<\/p>\n","protected":false},"excerpt":{"rendered":"Un homme de 46 ans est rest\u00e9 bloqu\u00e9 pendant 48 heures derri\u00e8re une cascade dans laquelle il faisait&hellip;\n","protected":false},"author":2,"featured_media":325797,"comment_status":"","ping_status":"","sticky":false,"template":"","format":"standard","meta":{"footnotes":""},"categories":[1356],"tags":[1111,11,1921,58,59,73,1011,27,1922,1757,252,1364,133,1920],"class_list":{"0":"post-325796","1":"post","2":"type-post","3":"status-publish","4":"format-standard","5":"has-post-thumbnail","7":"category-television","8":"tag-actu","9":"tag-actualites","10":"tag-article-video","11":"tag-divertissement","12":"tag-entertainment","13":"tag-etats-unis","14":"tag-fr","15":"tag-france","16":"tag-info","17":"tag-insolite","18":"tag-television","19":"tag-tv","20":"tag-video","21":"tag-video-international"},"share_on_mastodon":{"url":"https:\/\/pubeurope.com\/@fr\/115046568052977612","error":""},"_links":{"self":[{"href":"https:\/\/www.europesays.com\/fr\/wp-json\/wp\/v2\/posts\/325796","targetHints":{"allow":["GET"]}}],"collection":[{"href":"https:\/\/www.europesays.com\/fr\/wp-json\/wp\/v2\/posts"}],"about":[{"href":"https:\/\/www.europesays.com\/fr\/wp-json\/wp\/v2\/types\/post"}],"author":[{"embeddable":true,"href":"https:\/\/www.europesays.com\/fr\/wp-json\/wp\/v2\/users\/2"}],"replies":[{"embeddable":true,"href":"https:\/\/www.europesays.com\/fr\/wp-json\/wp\/v2\/comments?post=325796"}],"version-history":[{"count":0,"href":"https:\/\/www.europesays.com\/fr\/wp-json\/wp\/v2\/posts\/325796\/revisions"}],"wp:featuredmedia":[{"embeddable":true,"href":"https:\/\/www.europesays.com\/fr\/wp-json\/wp\/v2\/media\/325797"}],"wp:attachment":[{"href":"https:\/\/www.europesays.com\/fr\/wp-json\/wp\/v2\/media?parent=325796"}],"wp:term":[{"taxonomy":"category","embeddable":true,"href":"https:\/\/www.europesays.com\/fr\/wp-json\/wp\/v2\/categories?post=325796"},{"taxonomy":"post_tag","embeddable":true,"href":"https:\/\/www.europesays.com\/fr\/wp-json\/wp\/v2\/tags?post=325796"}],"curies":[{"name":"wp","href":"https:\/\/api.w.org\/{rel}","templated":true}]}}