{"id":325798,"date":"2025-08-17T22:54:16","date_gmt":"2025-08-17T22:54:16","guid":{"rendered":"https:\/\/www.europesays.com\/fr\/325798\/"},"modified":"2025-08-17T22:54:16","modified_gmt":"2025-08-17T22:54:16","slug":"hatebreed-impose-sa-loi-a-cudrefin","status":"publish","type":"post","link":"https:\/\/www.europesays.com\/fr\/325798\/","title":{"rendered":"Hatebreed impose sa loi \u00e0 Cudrefin"},"content":{"rendered":"<p><strong>\u00c0 la nuit tomb\u00e9e au <a href=\"https:\/\/www.metalzone.fr\/rock-the-lakes\/\" rel=\"nofollow noopener\" target=\"_blank\">Rock The Lakes<\/a> 2025, <a href=\"https:\/\/www.metalzone.fr\/hatebreed\/\" rel=\"nofollow noopener\" target=\"_blank\">Hatebreed<\/a> a ass\u00e9n\u00e9 un set coup de poing qui a galvanis\u00e9 la foule mass\u00e9e face au lac de Neuch\u00e2tel.<\/strong><\/p>\n<p>Un d\u00e9ferlement hardcore am\u00e9ricain<\/p>\n<p>Emmen\u00e9 par Jamey Jasta, le groupe a d\u00e9boul\u00e9 sans d\u00e9tour pour imposer son hardcore <a href=\"https:\/\/www.metalzone.fr\/heavy-metal\/\" rel=\"nofollow noopener\" target=\"_blank\">metal<\/a> abrasif. Ces pionniers am\u00e9ricains du <a href=\"https:\/\/www.metalzone.fr\/metalcore\/\" rel=\"nofollow noopener\" target=\"_blank\">metalcore<\/a> ont martel\u00e9 leurs classiques tout en glissant quelques nouveaut\u00e9s, de quoi s\u00e9duire autant les fid\u00e8les de longue date que les curieux venus d\u00e9couvrir leur puissance brute. La fosse, chauff\u00e9e \u00e0 blanc, a r\u00e9pondu avec ferveur aux riffs martiaux et aux refrains scand\u00e9s.<\/p>\n<p><img loading=\"lazy\" decoding=\"async\" src=\"https:\/\/www.europesays.com\/fr\/wp-content\/uploads\/2025\/08\/hatebreed_2025-1.jpg\" alt=\"Hatebreed sur sc\u00e8ne en 2025\" width=\"1600\" height=\"900\"  \/><br \/>\n\u00a9 AD\/MetalZoneMoments forts et intensit\u00e9 sc\u00e9nique<\/p>\n<p>Parmi les temps forts, un wall of death massif s\u2019est d\u00e9clench\u00e9 sur Destroy Everything, confirmant la r\u00e9putation du groupe pour ses prestations d\u00e9vastatrices. Le set s\u2019est impos\u00e9 comme un d\u00e9ferlement de rage et d\u2019\u00e9nergie, port\u00e9 par un mix dense et sans concession. Malgr\u00e9 l\u2019absence du guitariste Wayne Lozinak, r\u00e9cemment op\u00e9r\u00e9 d\u2019une tumeur c\u00e9r\u00e9brale b\u00e9nigne, Hatebreed a d\u00e9livr\u00e9 une performance implacable et coh\u00e9rente.<\/p>\n<p><img loading=\"lazy\" decoding=\"async\" src=\"https:\/\/www.europesays.com\/fr\/wp-content\/uploads\/2025\/08\/hatebreed_2025-4.jpg\" alt=\"Hatebreed sur sc\u00e8ne en 2025\" width=\"1600\" height=\"899\"  \/><br \/>\n\u00a9 AD\/MetalZoneUne claque avant Heilung et Skindred<\/p>\n<p>Alors que la nuit enveloppait le site, Hatebreed a conclu sur une note d\u2019une rare intensit\u00e9, laissant une fosse essor\u00e9e mais conquise. La soir\u00e9e s\u2019est poursuivie avec un rituel immersif d\u2019<a href=\"https:\/\/www.metalzone.fr\/heilung\/\" rel=\"nofollow noopener\" target=\"_blank\">Heilung<\/a> et un set plus groovy de <a href=\"https:\/\/www.metalzone.fr\/skindred\/\" rel=\"nofollow noopener\" target=\"_blank\">Skindred<\/a>, contrastant avec la brutalit\u00e9 frontale du hardcore am\u00e9ricain.<\/p>\n<p><img loading=\"lazy\" decoding=\"async\" src=\"https:\/\/www.europesays.com\/fr\/wp-content\/uploads\/2025\/08\/hatebreed_2025-6.jpg\" alt=\"Hatebreed sur sc\u00e8ne en 2025\" width=\"1600\" height=\"900\"  \/><br \/>\n\u00a9 AD\/MetalZone<\/p>\n<p>Avec son passage au Rock The Lakes 2025, Hatebreed a confirm\u00e9 qu\u2019il reste l\u2019un des groupes les plus percutants de la sc\u00e8ne hardcore, capable de soulever un festival entier par la seule force de ses hymnes rageurs.<\/p>\n","protected":false},"excerpt":{"rendered":"\u00c0 la nuit tomb\u00e9e au Rock The Lakes 2025, Hatebreed a ass\u00e9n\u00e9 un set coup de poing qui&hellip;\n","protected":false},"author":2,"featured_media":325799,"comment_status":"","ping_status":"","sticky":false,"template":"","format":"standard","meta":{"footnotes":""},"categories":[1355],"tags":[58,59,1011,27,1361,873],"class_list":{"0":"post-325798","1":"post","2":"type-post","3":"status-publish","4":"format-standard","5":"has-post-thumbnail","7":"category-musique","8":"tag-divertissement","9":"tag-entertainment","10":"tag-fr","11":"tag-france","12":"tag-music","13":"tag-musique"},"share_on_mastodon":{"url":"https:\/\/pubeurope.com\/@fr\/115046571818695448","error":""},"_links":{"self":[{"href":"https:\/\/www.europesays.com\/fr\/wp-json\/wp\/v2\/posts\/325798","targetHints":{"allow":["GET"]}}],"collection":[{"href":"https:\/\/www.europesays.com\/fr\/wp-json\/wp\/v2\/posts"}],"about":[{"href":"https:\/\/www.europesays.com\/fr\/wp-json\/wp\/v2\/types\/post"}],"author":[{"embeddable":true,"href":"https:\/\/www.europesays.com\/fr\/wp-json\/wp\/v2\/users\/2"}],"replies":[{"embeddable":true,"href":"https:\/\/www.europesays.com\/fr\/wp-json\/wp\/v2\/comments?post=325798"}],"version-history":[{"count":0,"href":"https:\/\/www.europesays.com\/fr\/wp-json\/wp\/v2\/posts\/325798\/revisions"}],"wp:featuredmedia":[{"embeddable":true,"href":"https:\/\/www.europesays.com\/fr\/wp-json\/wp\/v2\/media\/325799"}],"wp:attachment":[{"href":"https:\/\/www.europesays.com\/fr\/wp-json\/wp\/v2\/media?parent=325798"}],"wp:term":[{"taxonomy":"category","embeddable":true,"href":"https:\/\/www.europesays.com\/fr\/wp-json\/wp\/v2\/categories?post=325798"},{"taxonomy":"post_tag","embeddable":true,"href":"https:\/\/www.europesays.com\/fr\/wp-json\/wp\/v2\/tags?post=325798"}],"curies":[{"name":"wp","href":"https:\/\/api.w.org\/{rel}","templated":true}]}}