{"id":325804,"date":"2025-08-17T22:57:14","date_gmt":"2025-08-17T22:57:14","guid":{"rendered":"https:\/\/www.europesays.com\/fr\/325804\/"},"modified":"2025-08-17T22:57:14","modified_gmt":"2025-08-17T22:57:14","slug":"luis-enrique-ne-mache-pas-ses-mots-journalistes-methode-zabarnyi-et-groupe","status":"publish","type":"post","link":"https:\/\/www.europesays.com\/fr\/325804\/","title":{"rendered":"Luis Enrique ne m\u00e2che pas ses mots : journalistes, m\u00e9thode, Zabarnyi et groupe"},"content":{"rendered":"<p><strong>Le Paris Saint-Germain s\u2019est impos\u00e9 0-1 f<\/strong><strong>ace \u00e0 Nantes (<a href=\"https:\/\/www.parisfans.fr\/videos-psg\/resume-video-nantes-psg-0-1-vitinha-a-fait-sauter-le-verrou-nantais-865029.html\" target=\"_blank\" rel=\"noopener nofollow\">r\u00e9sum\u00e9 vid\u00e9o Nantes\/PSG<\/a><b>)<\/b> ce dimanche au Stade de la Beaujoire dans le cadre de la 1ere journ\u00e9e de Ligue 1 2025-2026. Apr\u00e8s ce match, l\u2019entra\u00eeneur parisien Luis Enrique s\u2019est exprim\u00e9 au micro de Ligue1+.<\/strong><\/p>\n<p>Luis Enrique \u00ab\u00a0ils sont pr\u00e9occup\u00e9s tout le temps avec la capacit\u00e9 physique, la capacit\u00e9 mentale.\u00a0\u00bb<\/p>\n<p><strong>Comment vous \u00e9tiez physiquement ?<\/strong><\/p>\n<p>Je pense que c\u2019est un domaine que tous les journalistes aiment parce qu\u2019ils sont pr\u00e9occup\u00e9s tout le temps avec la capacit\u00e9 physique, la capacit\u00e9 mentale. C\u2019est le d\u00e9but du championnat et on s\u2019est entra\u00een\u00e9 ce qu\u2019on a pu. Si je dois valoriser mes joueurs, je pense qu\u2019on a fait un tr\u00e8s bon match et je suis content<\/p>\n<p><strong>Ce n\u2019est pas normal ce que vous faites, de toujours gagner. C\u2019est quoi la m\u00e9thode de Luis Enrique pour cette ann\u00e9e ?<\/strong><\/p>\n<p>Quel que soit l\u2019entra\u00eeneur, c\u2019est notre travail d\u2019am\u00e9liorer individuellement et collectivement l\u2019\u00e9quipe. C\u2019est mon objectif en tant qu\u2019entra\u00eeneur. L\u00e0, il manque encore le feeling avec le ballon et c\u2019est encore plus important que la condition physique.<\/p>\n<p>Les joueurs sont jeunes et ont de l\u2019ambition et retrouver le jeu avec ballon pour pratiquer notre jeu. Pour moi, c\u2019est la chose la plus importante.<\/p>\n<p>Luis Enrique \u00ab\u00a0\u2018est le d\u00e9but, c\u2019est le premier match, on est tranquille et on est confiant.\u00a0\u00bb<\/p>\n<p><strong>Zabarnyi un mot ?<\/strong><\/p>\n<p>Je pense que les trois joueurs qui ont sign\u00e9, ce sont trois joueurs qui vont apporter beaucoup de choses. Les joueurs qui ont jou\u00e9 aujourd\u2019hui, c\u2019\u00e9tait un tr\u00e8s bon niveau et nous les connaissons et on pense que ce sont des joueurs qui peuvent am\u00e9liorer l\u2019\u00e9quipe. C\u2019est le d\u00e9but, c\u2019est le premier match, on est tranquille et on est confiant.<\/p>\n<p>Luis Enrique \u00ab\u00a0il faut tous les joueurs et \u00eatre tr\u00e8s motiv\u00e9s et \u00eatre pr\u00eats.\u00a0\u00bb<\/p>\n<p><strong>Besoin d\u2019une belle compl\u00e9mentarit\u00e9 pour laisser des joueurs de rang sur le banc ?<\/strong><\/p>\n<p>On a besoin de tous les joueurs, bien s\u00fbr que tous les joueurs aiment jouer les matchs tr\u00e8s importants. Mais pour gagner des troph\u00e9es et avoir les succ\u00e8s de l\u2019ann\u00e9e derni\u00e8re, il faut tous les joueurs et \u00eatre tr\u00e8s motiv\u00e9s et \u00eatre pr\u00eats, c\u2019est une condition sine qua none pour \u00eatre un joueur du PSG.<\/p>\n<p>Luis Enrique \u00ab\u00a0c\u2019est une autre mentalit\u00e9 d\u2019\u00eatre en dehors de notre zone de confort.\u00a0\u00bb<\/p>\n<p><strong>Tu vas continuer \u00e0 faire la m\u00eame chose dans ta gestion des joueurs, ou tu penses que \u00e7a va changer avec ce qui s\u2019est pass\u00e9 l\u2019ann\u00e9e derni\u00e8re ?<\/strong><\/p>\n<p>Je pense que je vais faire la m\u00eame chose, mais pour \u00eatre ambitieux je pense qu\u2019on va avoir besoin de changer des choses, notamment avec les joueurs qui ont sign\u00e9. On va avoir d\u2019autres options et c\u2019est une autre mentalit\u00e9 d\u2019\u00eatre en dehors de notre zone de confort et on va essayer de s\u2019am\u00e9liorer.<\/p>\n<p>\t\t\t\t\t\t\t\t\t\t\t\t\t\t\t\t\t\t\t\t\t\t\t<img loading=\"lazy\" src=\"https:\/\/www.europesays.com\/fr\/wp-content\/uploads\/2025\/04\/ParisFans_Logo.png\" decoding=\"async\" class=\"lazyload\" width=\"240\" height=\"54\" data-eio-rwidth=\"240\" data-eio-rheight=\"54\"\/><\/p>\n","protected":false},"excerpt":{"rendered":"Le Paris Saint-Germain s\u2019est impos\u00e9 0-1 face \u00e0 Nantes (r\u00e9sum\u00e9 vid\u00e9o Nantes\/PSG) ce dimanche au Stade de la&hellip;\n","protected":false},"author":2,"featured_media":325805,"comment_status":"","ping_status":"","sticky":false,"template":"","format":"standard","meta":{"footnotes":""},"categories":[9],"tags":[1011,27,921,12800,60,96],"class_list":{"0":"post-325804","1":"post","2":"type-post","3":"status-publish","4":"format-standard","5":"has-post-thumbnail","7":"category-sports","8":"tag-fr","9":"tag-france","10":"tag-luis-enrique","11":"tag-nantes-psg","12":"tag-sports","13":"tag-une"},"share_on_mastodon":{"url":"https:\/\/pubeurope.com\/@fr\/115046583163296915","error":""},"_links":{"self":[{"href":"https:\/\/www.europesays.com\/fr\/wp-json\/wp\/v2\/posts\/325804","targetHints":{"allow":["GET"]}}],"collection":[{"href":"https:\/\/www.europesays.com\/fr\/wp-json\/wp\/v2\/posts"}],"about":[{"href":"https:\/\/www.europesays.com\/fr\/wp-json\/wp\/v2\/types\/post"}],"author":[{"embeddable":true,"href":"https:\/\/www.europesays.com\/fr\/wp-json\/wp\/v2\/users\/2"}],"replies":[{"embeddable":true,"href":"https:\/\/www.europesays.com\/fr\/wp-json\/wp\/v2\/comments?post=325804"}],"version-history":[{"count":0,"href":"https:\/\/www.europesays.com\/fr\/wp-json\/wp\/v2\/posts\/325804\/revisions"}],"wp:featuredmedia":[{"embeddable":true,"href":"https:\/\/www.europesays.com\/fr\/wp-json\/wp\/v2\/media\/325805"}],"wp:attachment":[{"href":"https:\/\/www.europesays.com\/fr\/wp-json\/wp\/v2\/media?parent=325804"}],"wp:term":[{"taxonomy":"category","embeddable":true,"href":"https:\/\/www.europesays.com\/fr\/wp-json\/wp\/v2\/categories?post=325804"},{"taxonomy":"post_tag","embeddable":true,"href":"https:\/\/www.europesays.com\/fr\/wp-json\/wp\/v2\/tags?post=325804"}],"curies":[{"name":"wp","href":"https:\/\/api.w.org\/{rel}","templated":true}]}}