{"id":325812,"date":"2025-08-17T23:01:12","date_gmt":"2025-08-17T23:01:12","guid":{"rendered":"https:\/\/www.europesays.com\/fr\/325812\/"},"modified":"2025-08-17T23:01:12","modified_gmt":"2025-08-17T23:01:12","slug":"la-russie-frappe-plusieurs-villes-ukrainiennes-avec-des-missiles-balistiques-a-la-veille-de-la-rencontre-entre-volodymyr-zelensky-et-donald-trump-a-washington","status":"publish","type":"post","link":"https:\/\/www.europesays.com\/fr\/325812\/","title":{"rendered":"la Russie frappe plusieurs villes ukrainiennes avec des missiles balistiques, \u00e0 la veille de la rencontre entre Volodymyr Zelensky et Donald Trump \u00e0 Washington"},"content":{"rendered":"<p>   L\u2019essentiel de l\u2019intervention d\u2019Emmanuel Macron\u00a0: \u00ab\u00a0Si nous sommes faibles aujourd\u2019hui avec la Russie, nous pr\u00e9parerons les conflits de demain.\u00a0\u00bb               <img decoding=\"async\" class=\"post__live-container--img post__space-node\"  src=\"https:\/\/www.europesays.com\/fr\/wp-content\/uploads\/2025\/08\/2e6123c_ftp-import-images-1-ecgfan8gg3x3-a6a16e4738d646b59eb944eac2291bbc-0-153744278b41418e9c7fefd7.jpeg\" data- alt=\"Emmanuel Macron s\u2019exprime apr\u00e8s la r\u00e9union de la  \" coalition=\"\" des=\"\" volontaire=\"\" au=\"\" fort=\"\" de=\"\" bregancon=\"\" bormes-les-mimosas=\"\" le=\"\"\/>   Emmanuel Macron s\u2019exprime apr\u00e8s la r\u00e9union de la  \u00ab\u00a0coalition des volontaire\u00a0\u00bb, au Fort de Bregancon \u00e0 Bormes-les-Mimosas, le 17\u00a0ao\u00fbt 2025. PHILIPPE MAGONI \/ AP               <\/p>\n<p class=\"post__live-container--answer-text post__space-node\">\u00ab\u00a0L\u2019objectif qui est le n\u00f4tre [lundi 18\u00a0ao\u00fbt] est simple. Le premier, c\u2019est de rappeler ce qui unit l\u2019Ukraine, les Europ\u00e9ens et les Etats-Unis d\u2019Am\u00e9rique. Nous voulons la paix, une paix robuste, durable, c\u2019est-\u00e0-dire respectueuse du droit international qui est pr\u00e9c\u00e9d\u00e9 par la restitution des prisonniers, des enfants et qui permet de s\u2019installer dans la dur\u00e9e, c\u2019est-\u00e0-dire qui respecte la souverainet\u00e9 et l\u2019int\u00e9grit\u00e9 territoriale de tous les pays. C\u2019est la responsabilit\u00e9 des membres permanents du Conseil de s\u00e9curit\u00e9 dont sont les Etats-Unis d\u2019Am\u00e9rique, le Royaume-Uni et la France. Il n\u2019y a qu\u2019un agresseur, la Russie. Et il n\u2019y a aujourd\u2019hui qu\u2019au fond un Etat qui propose une paix qui serait une capitulation, qui est la Russie.\u00a0\u00bb<\/p>\n<p class=\"post__live-container--answer-text post__space-node\">\u00ab\u00a0Le deuxi\u00e8me (\u2026), c\u2019est de pouvoir ici rappeler qu\u2019il ne peut pas y avoir de discussion territoriale concernant l\u2019Ukraine sans les responsables l\u00e9gitimes d\u00e9mocratiquement \u00e9lus de l\u2019Ukraine. Pas de discussion sur l\u2019Ukraine sans les Ukrainiens. Mais de la m\u00eame mani\u00e8re, pas de discussion sur la s\u00e9curit\u00e9 des Europ\u00e9ens sans eux.\u00a0\u00bb<\/p>\n<p class=\"post__live-container--answer-text post__space-node\">\u00ab\u00a0La troisi\u00e8me chose, c\u2019est de faire le lien entre toute question territoriale et les garanties de s\u00e9curit\u00e9. Et c\u2019est tout le travail que nous avons fait ces derniers mois.\u00a0\u00bb<\/p>\n<p class=\"post__live-container--answer-text post__space-node\">\u00ab\u00a0Tout accord qui reposerait sur l\u2019absence d\u2019une arm\u00e9e ukrainienne, sur la r\u00e9duction d\u2019une arm\u00e9e ukrainienne serait un accord insinc\u00e8re vou\u00e9 \u00e0 ne pas \u00eatre respect\u00e9. Parce que ces accords ont d\u00e9j\u00e0 exist\u00e9 par le pass\u00e9, y compris quand la Russie a sign\u00e9 elle-m\u00eame des accords de non-agression \u00e0 l\u2019\u00e9gard de l\u2019Ukraine, ce qu\u2019elle a fait en\u00a01994 avec l\u2019accord de Budapest, elle ne les a pas respect\u00e9s. Et donc le format de l\u2019arm\u00e9e ukrainienne est le premier pilier de ces garanties de s\u00e9curit\u00e9. Le deuxi\u00e8me, ce sont ces forces de r\u00e9assurance.\u00a0\u00bb<\/p>\n<p class=\"post__live-container--answer-text post__space-node\">\u00ab\u00a0Plusieurs Etats sont pr\u00eats \u00e0 le faire, de la formation \u00e0 la logistique jusqu\u2019\u00e0 la pr\u00e9sence dans des zones non chaudes, c\u2019est-\u00e0-dire pas sur la ligne de front, pas dans des territoires contest\u00e9s, mais d\u2019avoir une pr\u00e9sence de forces alli\u00e9es aux c\u00f4t\u00e9s de l\u2019Ukraine. Nous irons pr\u00e9senter cela en demandant aussi aux Etats-Unis d\u2019Am\u00e9rique jusqu\u2019o\u00f9 et jusqu\u2019\u00e0 quel point ils sont pr\u00eats \u00e0 se joindre \u00e0 ces derni\u00e8res, puisqu\u2019ils se sont mis sur la table des garanties de s\u00e9curit\u00e9 et l\u2019ont r\u00e9affirm\u00e9e. Et puis le troisi\u00e8me, c\u2019est comment formaliser cela \u00e0 l\u2019\u00e9gard de l\u2019Ukraine.\u00a0\u00bb<\/p>\n<p class=\"post__live-container--answer-text post__space-node\">\u00ab\u00a0Au fond, notre volont\u00e9 [lundi 18\u00a0ao\u00fbt], c\u2019est de pr\u00e9senter un front uni entre Europ\u00e9ens et Ukrainiens dans ce moment de r\u00e8glement du conflit, en r\u00e9affirmant qui est du c\u00f4t\u00e9 de la paix, qui est du c\u00f4t\u00e9 du droit international, mais surtout comment nous assurer collectivement que l\u2019ordre international est respect\u00e9 et que notre s\u00e9curit\u00e9 \u00e0 tous est prot\u00e9g\u00e9e, parce qu\u2019il y va de la s\u00e9curit\u00e9 des Europ\u00e9ens et de la France.\u00a0\u00bb<\/p>\n<p class=\"post__live-container--answer-text post__space-node\">\u00ab\u00a0Quand nous parlons de ce qui se passe en Ukraine, nous parlons d\u2019un pouvoir imp\u00e9rialiste et r\u00e9visionniste qu\u2019est la Russie d\u2019aujourd\u2019hui, qui, depuis 2008, n\u2019a cess\u00e9 de vouloir conqu\u00e9rir de nouveaux territoires, n\u2019a cess\u00e9 de revoir les fronti\u00e8res internationales, n\u2019a jamais respect\u00e9 ses promesses de paix et de non-agression. Et donc si nous sommes faibles aujourd\u2019hui avec la Russie, nous pr\u00e9parerons les conflits de demain, et ils toucheront les Ukrainiens. Et ne nous trompons pas, ils peuvent aussi nous toucher au moment m\u00eame o\u00f9 notre pays continue d\u2019\u00eatre de mani\u00e8re r\u00e9guli\u00e8re attaqu\u00e9 sur le plan cyber, sur le plan de l\u2019information ou dans des espaces contest\u00e9s du maritime au spatial. Donc pas de faiblesse.\u00a0\u00bb<\/p>\n<p class=\"post__live-container--answer-text post__space-node\">\u00ab\u00a0Au fond, ce que nous allons dire, nous voulons la paix. Tous ceux qui sont l\u00e0 [lundi 18\u00a0ao\u00fbt] \u00e0 Washington sont du c\u00f4t\u00e9 de la paix depuis le 1er\u00a0juin. Mais nous voulons une paix robuste, une paix qui en aucun cas ne saurait \u00eatre une capitulation, une paix qui en aucun cas ne peut se faire au d\u00e9triment de la s\u00e9curit\u00e9 des Europ\u00e9ens.\u00a0\u00bb<\/p>\n","protected":false},"excerpt":{"rendered":"L\u2019essentiel de l\u2019intervention d\u2019Emmanuel Macron\u00a0: \u00ab\u00a0Si nous sommes faibles aujourd\u2019hui avec la Russie, nous pr\u00e9parerons les conflits de&hellip;\n","protected":false},"author":2,"featured_media":325371,"comment_status":"","ping_status":"","sticky":false,"template":"","format":"standard","meta":{"footnotes":""},"categories":[5],"tags":[11,1011,27,14,12,28],"class_list":{"0":"post-325812","1":"post","2":"type-post","3":"status-publish","4":"format-standard","5":"has-post-thumbnail","7":"category-international","8":"tag-actualites","9":"tag-fr","10":"tag-france","11":"tag-international","12":"tag-news","13":"tag-world"},"share_on_mastodon":{"url":"https:\/\/pubeurope.com\/@fr\/115046598836127398","error":""},"_links":{"self":[{"href":"https:\/\/www.europesays.com\/fr\/wp-json\/wp\/v2\/posts\/325812","targetHints":{"allow":["GET"]}}],"collection":[{"href":"https:\/\/www.europesays.com\/fr\/wp-json\/wp\/v2\/posts"}],"about":[{"href":"https:\/\/www.europesays.com\/fr\/wp-json\/wp\/v2\/types\/post"}],"author":[{"embeddable":true,"href":"https:\/\/www.europesays.com\/fr\/wp-json\/wp\/v2\/users\/2"}],"replies":[{"embeddable":true,"href":"https:\/\/www.europesays.com\/fr\/wp-json\/wp\/v2\/comments?post=325812"}],"version-history":[{"count":0,"href":"https:\/\/www.europesays.com\/fr\/wp-json\/wp\/v2\/posts\/325812\/revisions"}],"wp:featuredmedia":[{"embeddable":true,"href":"https:\/\/www.europesays.com\/fr\/wp-json\/wp\/v2\/media\/325371"}],"wp:attachment":[{"href":"https:\/\/www.europesays.com\/fr\/wp-json\/wp\/v2\/media?parent=325812"}],"wp:term":[{"taxonomy":"category","embeddable":true,"href":"https:\/\/www.europesays.com\/fr\/wp-json\/wp\/v2\/categories?post=325812"},{"taxonomy":"post_tag","embeddable":true,"href":"https:\/\/www.europesays.com\/fr\/wp-json\/wp\/v2\/tags?post=325812"}],"curies":[{"name":"wp","href":"https:\/\/api.w.org\/{rel}","templated":true}]}}