{"id":325813,"date":"2025-08-17T23:02:10","date_gmt":"2025-08-17T23:02:10","guid":{"rendered":"https:\/\/www.europesays.com\/fr\/325813\/"},"modified":"2025-08-17T23:02:10","modified_gmt":"2025-08-17T23:02:10","slug":"comment-fidji-simo-est-devenue-la-francaise-la-plus-puissante-de-la-silicon-valley","status":"publish","type":"post","link":"https:\/\/www.europesays.com\/fr\/325813\/","title":{"rendered":"comment Fidji Simo est devenue la Fran\u00e7aise la plus puissante de la Silicon Valley"},"content":{"rendered":"<p><strong>PORTRAIT &#8211; <\/strong>La nouvelle directrice g\u00e9n\u00e9rale des applications d\u2019OpenAI prend officiellement ses fonctions ce lundi. Elle devient le bras droit de son PDG, Sam Altman.<\/p>\n<p class=\"fig-paragraph\">\u00ab Je suis heureux d\u2019annoncer l\u2019arriv\u00e9e de Fidji Simo au poste de directrice des applications. Elle travaillera directement sous mes ordres et nous aidera \u00e0 optimiser l\u2019ex\u00e9cution de nos missions\u00a0\u00bb, \u00e9crivait\u00a0<a href=\"http:\/\/www.lefigaro.fr\/mode-homme\/le-vestiaire-disruptif-des-patrons-de-la-tech-qui-remettent-des-cravates-20250215\" data-fig-type=\"Article\" data-gtm-custom-categorie=\"navigation\" data-gtm-custom-action=\"crossclick\" data-gtm-custom-label=\"Contextuel\" data-gtm-event=\"customEventSPE\" data-fig-domain=\"LEFIGARO\" rel=\"nofollow noopener\" target=\"_blank\">Sam Altman<\/a>, le PDG d<a href=\"http:\/\/www.lefigaro.fr\/secteur\/high-tech\/entre-meta-et-open-ai-une-guerre-des-cerveaux-de-l-intelligence-artificielle-ou-tous-les-coups-sont-permis-20250630\" data-fig-type=\"Article\" data-gtm-custom-categorie=\"navigation\" data-gtm-custom-action=\"crossclick\" data-gtm-custom-label=\"Contextuel\" data-gtm-event=\"customEventSPE\" data-fig-domain=\"LEFIGARO\" rel=\"nofollow noopener\" target=\"_blank\">\u2019OpenAI<\/a>, \u00e0 ses collaborateurs le 7\u00a0mai dernier. De quoi braquer un peu plus les projecteurs sur cette Fran\u00e7aise de 39\u00a0ans dont le parcours ressemble \u00e0 une v\u00e9ritable success-story am\u00e9ricaine. D\u00e9bauch\u00e9e de chez Instacart, dont elle \u00e9tait la directrice g\u00e9n\u00e9rale, elle prend lundi officiellement son nouveau poste au sein d\u2019une des soci\u00e9t\u00e9s les plus en vue au niveau mondial. Aux c\u00f4t\u00e9s de Sam Altman, elle se concentrera sur la partie mon\u00e9tisation et le d\u00e9veloppement des produits.<\/p>\n<p class=\"fig-paragraph\">Originaire de S\u00e8te, dans l\u2019H\u00e9rault, Fidji Simo est un oiseau rare, un profil loin des codes de la\u00a0<a href=\"http:\/\/www.lefigaro.fr\/medias\/reunir-le-meilleur-de-hollywood-et-l-agilite-de-la-silicon-valley-l-ambitieux-pari-de-david-ellison-le-nouveau-patron-de-paramount-20250812\" data-fig-type=\"Article\" data-gtm-custom-categorie=\"navigation\" data-gtm-custom-action=\"crossclick\" data-gtm-custom-label=\"Contextuel\" data-gtm-event=\"customEventSPE\" data-fig-domain=\"LEFIGARO\" rel=\"nofollow noopener\" target=\"_blank\">Silicon Valley<\/a>. Son univers \u00e0 elle est au d\u00e9part plus proche des poissons frais vendus \u00e0 la cri\u00e9e que des ordinateurs et des technologies. Si sa m\u00e8re tient un commerce en centre-ville de S\u00e8te, ses\u2026<\/p>\n<p class=\"fig-premium-paywall__infos\">\n        Cet article est r\u00e9serv\u00e9 aux abonn\u00e9s.        Il vous reste 81% \u00e0 d\u00e9couvrir.\n    <\/p>\n<p>                <img  data- alt=\"Le Figaro\" class=\"fig-img--complete fig-img\"\/><\/p>\n<p class=\"fig-premium-paywall__title\">Vente Flash<\/p>\n<p class=\"fig-premium-paywall__subtitle\">4,99\u20ac par mois pendant 12 mois. Sans engagement<\/p>\n<p class=\"fig-premium-paywall__connect\">\n                D\u00e9j\u00e0 abonn\u00e9\u00a0?                <a class=\"fig-premium-paywall__connect-link\" href=\"https:\/\/connect.lefigaro.fr\/login?client=horizon_web&amp;type=main&amp;redirect_uri=https%3A%2F%2Fwww.lefigaro.fr%2Fsecteur%2Fhigh-tech%2Fc-est-le-plus-gros-job-jamais-obtenu-par-un-francais-dans-la-tech-comment-fidji-simo-est-devenue-la-francaise-la-plus-puissante-de-la-silicon-valley-20250817\" data-js-gtm=\"{&quot;customCategorie&quot;: &quot;conversion&quot;, &quot;customAction&quot;: &quot;before_Landing_Connexion_paywall_auto&quot;, &quot;customLabel&quot;: &quot;bGVmaWdhcm8uZnJfXzFmMDc2YmQ0LTVmZTMtNjcyYy1hNzY5LTY5NjRhMTZhNDZjMV9fQXJ0aWNsZQ==_\u00abC\u2019est le plus gros job jamais obtenu par un Fran\u00e7ais dans la tech!\u00bb: comment Fidji Simo est devenue la Fran\u00e7aise la plus puissante de la Silicon Valley_292&quot;, &quot;customIDSPE&quot;: &quot;bGVmaWdhcm8uZnJfXzFmMDc2YmQ0LTVmZTMtNjcyYy1hNzY5LTY5NjRhMTZhNDZjMV9fQXJ0aWNsZQ==&quot;, &quot;event&quot;: &quot;customEventSPE&quot;}\" rel=\"nofollow noopener\" target=\"_blank\"><br \/>\n                    Connectez-vous<br \/>\n                <\/a>\n            <\/p>\n","protected":false},"excerpt":{"rendered":"PORTRAIT &#8211; La nouvelle directrice g\u00e9n\u00e9rale des applications d\u2019OpenAI prend officiellement ses fonctions ce lundi. Elle devient le&hellip;\n","protected":false},"author":2,"featured_media":325814,"comment_status":"","ping_status":"","sticky":false,"template":"","format":"standard","meta":{"footnotes":""},"categories":[4],"tags":[11,1011,27,223,12,143,25],"class_list":{"0":"post-325813","1":"post","2":"type-post","3":"status-publish","4":"format-standard","5":"has-post-thumbnail","7":"category-france","8":"tag-actualites","9":"tag-fr","10":"tag-france","11":"tag-intelligence-artificielle","12":"tag-news","13":"tag-openai","14":"tag-republique-francaise"},"share_on_mastodon":{"url":"https:\/\/pubeurope.com\/@fr\/115046602743298481","error":""},"_links":{"self":[{"href":"https:\/\/www.europesays.com\/fr\/wp-json\/wp\/v2\/posts\/325813","targetHints":{"allow":["GET"]}}],"collection":[{"href":"https:\/\/www.europesays.com\/fr\/wp-json\/wp\/v2\/posts"}],"about":[{"href":"https:\/\/www.europesays.com\/fr\/wp-json\/wp\/v2\/types\/post"}],"author":[{"embeddable":true,"href":"https:\/\/www.europesays.com\/fr\/wp-json\/wp\/v2\/users\/2"}],"replies":[{"embeddable":true,"href":"https:\/\/www.europesays.com\/fr\/wp-json\/wp\/v2\/comments?post=325813"}],"version-history":[{"count":0,"href":"https:\/\/www.europesays.com\/fr\/wp-json\/wp\/v2\/posts\/325813\/revisions"}],"wp:featuredmedia":[{"embeddable":true,"href":"https:\/\/www.europesays.com\/fr\/wp-json\/wp\/v2\/media\/325814"}],"wp:attachment":[{"href":"https:\/\/www.europesays.com\/fr\/wp-json\/wp\/v2\/media?parent=325813"}],"wp:term":[{"taxonomy":"category","embeddable":true,"href":"https:\/\/www.europesays.com\/fr\/wp-json\/wp\/v2\/categories?post=325813"},{"taxonomy":"post_tag","embeddable":true,"href":"https:\/\/www.europesays.com\/fr\/wp-json\/wp\/v2\/tags?post=325813"}],"curies":[{"name":"wp","href":"https:\/\/api.w.org\/{rel}","templated":true}]}}