{"id":325819,"date":"2025-08-17T23:05:15","date_gmt":"2025-08-17T23:05:15","guid":{"rendered":"https:\/\/www.europesays.com\/fr\/325819\/"},"modified":"2025-08-17T23:05:15","modified_gmt":"2025-08-17T23:05:15","slug":"loire-des-inscriptions-racistes-et-antisemites-sur-la-cathedrale-saint-charles-a-saint-etienne","status":"publish","type":"post","link":"https:\/\/www.europesays.com\/fr\/325819\/","title":{"rendered":"Loire. Des inscriptions racistes et antis\u00e9mites sur la cath\u00e9drale Saint-Charles \u00e0 Saint-\u00c9tienne"},"content":{"rendered":"<p>Dimanche, \u00e0 la mi-journ\u00e9e, \u00e0 la sortie de la messe, une patrouille de la Police nationale s\u2019est rendue, place Jean-Jaur\u00e8s, sur le parvis de la cath\u00e9drale Saint-Charles.<\/p>\n<p>Alert\u00e9s par des fid\u00e8les, les agents ont constat\u00e9 que l\u2019\u00e9difice a \u00e9t\u00e9 la cible d\u2019actes malveillants.<\/p>\n<p>Plusieurs inscriptions antis\u00e9mites et anti-musulmans avaient \u00e9t\u00e9 r\u00e9alis\u00e9es, probablement au feutre, sur deux des piliers qui ornent la fa\u00e7ade.<\/p>\n<p>Une enqu\u00eate a \u00e9t\u00e9 ouverte, la police scientifique s\u2019est rendue sur place et les services techniques ont \u00e9t\u00e9 appel\u00e9s pour nettoyer ces tags.<\/p>\n","protected":false},"excerpt":{"rendered":"Dimanche, \u00e0 la mi-journ\u00e9e, \u00e0 la sortie de la messe, une patrouille de la Police nationale s\u2019est rendue,&hellip;\n","protected":false},"author":2,"featured_media":325820,"comment_status":"","ping_status":"","sticky":false,"template":"","format":"standard","meta":{"footnotes":""},"categories":[9653],"tags":[1111,11,2430,271,272,7539,1777,674,274,107,1011,27,3367,12,25,4001,7538],"class_list":{"0":"post-325819","1":"post","2":"type-post","3":"status-publish","4":"format-standard","5":"has-post-thumbnail","7":"category-saint-etienne","8":"tag-actu","9":"tag-actualites","10":"tag-auvergne-rhone-alpes","11":"tag-crime","12":"tag-delit-et-contravention","13":"tag-edition-loire-sud","14":"tag-eu","15":"tag-europe","16":"tag-faits-divers-justice","17":"tag-fil-info","18":"tag-fr","19":"tag-france","20":"tag-loire","21":"tag-news","22":"tag-republique-francaise","23":"tag-saint-etienne","24":"tag-saint-etienne-ville"},"share_on_mastodon":{"url":"https:\/\/pubeurope.com\/@fr\/115046614477817330","error":""},"_links":{"self":[{"href":"https:\/\/www.europesays.com\/fr\/wp-json\/wp\/v2\/posts\/325819","targetHints":{"allow":["GET"]}}],"collection":[{"href":"https:\/\/www.europesays.com\/fr\/wp-json\/wp\/v2\/posts"}],"about":[{"href":"https:\/\/www.europesays.com\/fr\/wp-json\/wp\/v2\/types\/post"}],"author":[{"embeddable":true,"href":"https:\/\/www.europesays.com\/fr\/wp-json\/wp\/v2\/users\/2"}],"replies":[{"embeddable":true,"href":"https:\/\/www.europesays.com\/fr\/wp-json\/wp\/v2\/comments?post=325819"}],"version-history":[{"count":0,"href":"https:\/\/www.europesays.com\/fr\/wp-json\/wp\/v2\/posts\/325819\/revisions"}],"wp:featuredmedia":[{"embeddable":true,"href":"https:\/\/www.europesays.com\/fr\/wp-json\/wp\/v2\/media\/325820"}],"wp:attachment":[{"href":"https:\/\/www.europesays.com\/fr\/wp-json\/wp\/v2\/media?parent=325819"}],"wp:term":[{"taxonomy":"category","embeddable":true,"href":"https:\/\/www.europesays.com\/fr\/wp-json\/wp\/v2\/categories?post=325819"},{"taxonomy":"post_tag","embeddable":true,"href":"https:\/\/www.europesays.com\/fr\/wp-json\/wp\/v2\/tags?post=325819"}],"curies":[{"name":"wp","href":"https:\/\/api.w.org\/{rel}","templated":true}]}}