{"id":325823,"date":"2025-08-17T23:09:40","date_gmt":"2025-08-17T23:09:40","guid":{"rendered":"https:\/\/www.europesays.com\/fr\/325823\/"},"modified":"2025-08-17T23:09:40","modified_gmt":"2025-08-17T23:09:40","slug":"que-faire-ce-week-end-dans-le-var-les-temps-forts-du-15-au-17-aout-var","status":"publish","type":"post","link":"https:\/\/www.europesays.com\/fr\/325823\/","title":{"rendered":"Que faire ce week-end dans le Var ? Les temps forts du 15 au 17 ao\u00fbt &#8211; Var"},"content":{"rendered":"<p>Ce week-end, le Var s\u2019embrase au rythme des concerts, projections en plein air, feux d\u2019artifice et f\u00eates populaires\u202f!\u00a0<\/p>\n<p>&#13;<\/p>\n<p><strong>En attendant le weekend, d\u00e9couvrez \u00e9galement les temps forts de la semaine !<\/strong><\/p>\n<p> &#13;<\/p>\n<p>\t\t\t\tOn fait quoi ce week-end dans le Var ?\u00a0&#13;<\/p>\n<p>\u00a0<\/p>\n<p>&#13;<br \/>\nFeux d&rsquo;artifice, d\u00e9fil\u00e9s, bals: le programme des festivit\u00e9s de la f\u00eate de la Lib\u00e9ration dans le Var&#13;<\/p>\n<p>Comme chaque ann\u00e9e, les villes du Var sont nombreuses \u00e0 proposer des animations et un spectacle pyrotechnique pour f\u00eater la Lib\u00e9ration.<\/p>\n<p>&#13;<\/p>\n<p>\u00a0  <\/p>\n<p> &#13;<\/p>\n<p>\u00a0<\/p>\n<p>&#13;<br \/>\nF\u00eate de la Lib\u00e9ration au Muy du 11 au 16 ao\u00fbt 2025&#13;<\/p>\n<p style=\"margin-left: 30px;\">La commune du Muy, haut lieu historique du d\u00e9barquement de Provence, comm\u00e9more <strong>du 11 au 16 ao\u00fbt 2025 le 81e anniversaire de sa Lib\u00e9ration<\/strong>. Une semaine rythm\u00e9e par des reconstitutions historiques, projections de films, c\u00e9r\u00e9monies officielles, et animations festives, pour rendre hommage aux h\u00e9ros du pass\u00e9 tout en r\u00e9unissant les g\u00e9n\u00e9rations d\u2019aujourd\u2019hui.<\/p>\n<p>&#13;<\/p>\n<p> &#13;<\/p>\n<p style=\"margin-left: 30px;\">\u00a0<\/p>\n<p>&#13;<br \/>\nF\u00eate de la Lib\u00e9ration &#8211; Puget sur Argens\u00a0du 14 au 15 ao\u00fbt 2025&#13;<\/p>\n<p style=\"margin-left: 30px;\">Puget-sur-Argens c\u00e9l\u00e8bre le 81i\u00e8me Anniversaire du D\u00e9barquement de Provence, avec la 36i\u00e8me Division du Texas les 14 et 15 ao\u00fbt.<\/p>\n<p>&#13;<\/p>\n<p> &#13;<\/p>\n<p style=\"margin-left: 30px;\">\u00a0<\/p>\n<p>&#13;<br \/>\nSaint-Rapha\u00ebl &#8211; Anniversaire du d\u00e9barquement du 14 au 16 ao\u00fbt 2025&#13;<\/p>\n<p>Entre devoir de m\u00e9moire et ambiance festive, Saint-Rapha\u00ebl c\u00e9l\u00e8bre le 81e anniversaire du D\u00e9barquement de Provence. C\u00e9r\u00e9monies officielles, visites guid\u00e9es, v\u00e9hicules d\u2019\u00e9poque, feux d\u2019artifice et bals viendront rythmer ces journ\u00e9es historiques.<\/p>\n<p>&#13;<\/p>\n<p> &#13;<\/p>\n<p style=\"margin-left: 30px;\">\u00a0<\/p>\n<p>&#13;<br \/>\nCa c&rsquo;est le Sud, la Tourn\u00e9e de R\u00e9gion Sud cette semaine&#13;<\/p>\n<p style=\"margin-left: 30px;\">La Tourn\u00e9e \u00e7a c&rsquo;est le Sud est de retour ! Tout l&rsquo;\u00e9t\u00e9 elle vous propose un spectacle de 2h30 avec au programme, concerts et spectacle de magie, c&rsquo;est compl\u00e8tement gratuit et en 2025 elle passe peut-\u00eatre pr\u00e8s de chez vous !<\/p>\n<p>&#13;<\/p>\n<p style=\"margin-left: 30px;\">Lorgues &#8211; 15 ao\u00fbt 2025<\/p>\n<p>&#13;<\/p>\n<p style=\"margin-left: 30px;\">Carqueiranne &#8211; 16 ao\u00fbt 2025<\/p>\n<p>&#13;<\/p>\n<p> &#13;<\/p>\n<p style=\"margin-left: 30px;\">\u00a0<\/p>\n<p>&#13;<br \/>\nMeeting a\u00e9rien et embrasement du Fort Saint Louis \u00e0 Toulon le 15 ao\u00fbt&#13;<\/p>\n<p style=\"margin-left: 30px;\">Cette ann\u00e9e encore, Toulon annonce un grand spectacle sur les plages du Mourillon pour ce vendredi 15 ao\u00fbt 2025.<\/p>\n<p>&#13;<\/p>\n<p> &#13;<\/p>\n<p style=\"margin-left: 30px;\">\u00a0<\/p>\n<p>&#13;<br \/>\nBals, c\u00e9r\u00e9monie, reconstitution&#8230; et deux feux d&rsquo;artifice le 15 ao\u00fbt \u00e0\u00a0Roquebrune sur Argens&#13;<\/p>\n<p style=\"margin-left: 30px;\">Rendez-vous le 15 ao\u00fbt \u00e0 Roquebrune sur Argens avec au programme : bals, c\u00e9r\u00e9monie, reconstitution&#8230; et deux feux d&rsquo;artifice !<\/p>\n<p>&#13;<\/p>\n<p> &#13;<\/p>\n<p style=\"margin-left: 30px;\">\u00a0<\/p>\n<p>&#13;<br \/>\nFestivit\u00e9s du 15 ao\u00fbt au Lavandou&#13;<\/p>\n<p style=\"margin-left: 30px;\">Feu d&rsquo;artifice, d\u00e9fil\u00e9, c\u00e9r\u00e9monie&#8230; La ville du Lavandou c\u00e9l\u00e8bre le 81i\u00e8me anniversaire du d\u00e9barquement en Provence le 15 ao\u00fbt.<\/p>\n<p>&#13;<\/p>\n<p> &#13;<\/p>\n<p style=\"margin-left: 30px;\">\u00a0<\/p>\n<p>&#13;<br \/>\nF\u00eate des Lecques\u00a015 ao\u00fbt\u00a0\u00e0 Saint Cyr sur Mer&#13;<\/p>\n<p style=\"margin-left: 30px;\">Au programme de cette journ\u00e9e : la b\u00e9n\u00e9diction des bateaux le matin et une soir\u00e9e d&rsquo;animations ! Concerts, dj sans oublier le traditionnel feu d&rsquo;artifice !<\/p>\n<p>&#13;<\/p>\n<p> &#13;<\/p>\n<p style=\"margin-left: 30px;\">\u00a0<\/p>\n<p>&#13;<br \/>\nF\u00eate de la Lib\u00e9ration \u00e0 Sainte Maxime\u00a0le 15 ao\u00fbt&#13;<\/p>\n<p style=\"margin-left: 30px;\">C\u00e9r\u00e9monie, d\u00e9fil\u00e9, bal et feu d&rsquo;artifice agr\u00e9menteront le 81i\u00e8me anniversaire de la Lib\u00e9ration \u00e0 Sainte-Maxime.<\/p>\n<p>&#13;<\/p>\n<p> &#13;<\/p>\n<p style=\"margin-left: 30px;\">\u00a0<\/p>\n<p>&#13;<br \/>\nFeu d&rsquo;artifice \u00e0 Saint-Rapha\u00ebl le 15 ao\u00fbt&#13;<\/p>\n<p style=\"margin-left: 30px;\">Cet \u00e9t\u00e9, le ciel de la cit\u00e9 de l\u2019archange va s\u2019illuminer de mille feux.<br \/>Vendredi 15 ao\u00fbt &#8211; Baie de Saint-Rapha\u00ebl, suivi d&rsquo;un bal au Jardin Bonaparte<\/p>\n<p>&#13;<\/p>\n<p> &#13;<\/p>\n<p style=\"margin-left: 30px;\">\u00a0<\/p>\n<p>&#13;<br \/>\nF\u00eate d&rsquo;\u00e9t\u00e9 \u00e0 Aups du 15 au 18 ao\u00fbt 2025&#13;<\/p>\n<p style=\"margin-left: 30px;\">F\u00eate foraine pour les enfants et ados d\u00e8s la fin de l\u2019apr\u00e8s-midi, les bals en soir\u00e9e et l&rsquo;incontournable A\u00efoli le lundi soir en musique.<\/p>\n<p>&#13;<\/p>\n<p> &#13;<\/p>\n<p style=\"margin-left: 30px;\">\u00a0<\/p>\n<p>&#13;<br \/>\nF\u00eate du Village \u00e0 Grimaud et f\u00eate de la lib\u00e9ration du 15 au 17 ao\u00fbt&#13;<\/p>\n<p style=\"margin-left: 30px;\">3 jours de f\u00eate \u00e0 Grimaud, de la terre \u00e0 la mer : concerts, feu d&rsquo;artifice, spectacles, march\u00e9s nocturnes&#8230;<\/p>\n<p>&#13;<\/p>\n<p> &#13;<\/p>\n<p style=\"margin-left: 30px;\">\u00a0<\/p>\n<p>&#13;<br \/>\nLes M\u00e9di\u00e9vales de Brignoles du 16 au 17 ao\u00fbt&#13;<\/p>\n<p style=\"margin-left: 30px;\">Les M\u00e9di\u00e9vales de Brignoles reviennent cette ann\u00e9e avec une \u00e9dition spectaculaire les 16 et 17 ao\u00fbt 2025, transformant la ville en un v\u00e9ritable th\u00e9\u00e2tre \u00e0 ciel ouvert.<\/p>\n<p>&#13;<\/p>\n<p> &#13;<br \/>\nFeu d&rsquo;artifice au port d&rsquo;Hy\u00e8res le 16 ao\u00fbt&#13;<\/p>\n<p style=\"margin-left: 30px;\">Rendez-vous sur le port d&rsquo;Hy\u00e8res pour assister au feu d&rsquo;artifice. Venez assister \u00e0 ce joli spectacle, o\u00f9 se tient chaque soir le march\u00e9 artisanal.<\/p>\n<p>&#13;<\/p>\n<p style=\"margin-left: 30px;\">Le feu d&rsquo;artifice du 16 ao\u00fbt sera suivi d&rsquo;un concert sur le parking de la capitainerie.\u00a0<br \/>Soir\u00e9e DJ avec DJ Dam<\/p>\n<p>&#13;<\/p>\n<p> &#13;<\/p>\n<p style=\"margin-left: 30px;\">\u00a0<\/p>\n<p>&#13;<br \/>\nF\u00eate de la Lib\u00e9ration \u00e0 Vidauban le 16 ao\u00fbt&#13;<\/p>\n<p style=\"margin-left: 30px;\">\u00a0D\u00e9fil\u00e9 des v\u00e9hicules civils et militaires d\u2019\u00e9poque, c\u00e9r\u00e9monies patriotiques avec la fanfare New Street Band, bal avec l\u2019orchestre Kontrast \u00e0 22 h, place de la Mairie.<\/p>\n<p>&#13;<\/p>\n<p> &#13;<\/p>\n<p style=\"margin-left: 30px;\">\u00a0<\/p>\n<p>&#13;<br \/>\n81\u00e8me anniversaire de la Lib\u00e9ration \u00e0 Draguignan\u00a0le 16 ao\u00fbt&#13;<\/p>\n<p>\u00a0<\/p>\n<p>&#13;<\/p>\n<p style=\"margin-left: 30px;\">Reconstitution d\u2019un camp militaire, d\u00e9fil\u00e9 de v\u00e9hicules d\u2019\u00e9poque et troupes de parachutistes \u2013 Boulevard Clemenceau, bal de la Lib\u00e9ration avec \u00ab Satin Doll Sisters \u00bb sont au programme.<\/p>\n<p>&#13;<\/p>\n<p> &#13;<\/p>\n<p style=\"margin-left: 30px;\">\u00a0<\/p>\n<p>&#13;<br \/>\nF\u00eate de la Lib\u00e9ration &#8211; Flayosc\u00a0le 16 ao\u00fbt&#13;<\/p>\n<p style=\"margin-left: 30px;\">Reconstitution militaire, v\u00e9hicules d&rsquo;\u00e9poque et soir\u00e9e en compagnie du groupe XXelle, au programme de la F\u00eate de la Lib\u00e9ration le 16 ao\u00fbt \u00e0 Flayosc.<\/p>\n<p>&#13;<\/p>\n<p> &#13;<\/p>\n<p style=\"margin-left: 30px;\">\u00a0<\/p>\n<p>&#13;<br \/>\nConcert, feu d&rsquo;artifice&#8230; le 16 ao\u00fbt \u00e0 Pignans.&#13;<\/p>\n<p style=\"margin-left: 30px;\">Concert, feu d&rsquo;artifice&#8230; on f\u00eate le 81i\u00e8me anniversaire de la lib\u00e9ration le 16 ao\u00fbt \u00e0 Pignans.<\/p>\n<p>&#13;<\/p>\n<p> &#13;<\/p>\n<p style=\"margin-left: 30px;\">\u00a0<\/p>\n<p>&#13;<br \/>\nComm\u00e9moration, orchestre et feu d&rsquo;artifice\u00a0\u00e0 Pierrefeu du Var,\u00a0le 16 ao\u00fbt&#13;<\/p>\n<p style=\"margin-left: 30px;\">La commune de Pierrefeu du Var f\u00eate sa lib\u00e9ration le 16 ao\u00fbt, \u00e0 cette occasion plusieurs animations sont propos\u00e9es dans le centre du village.<\/p>\n<p>&#13;<\/p>\n<p> &#13;<\/p>\n<p style=\"margin-left: 30px;\">\u00a0<\/p>\n<p>&#13;<\/p>\n<p style=\"margin-left: 30px;\">\u00a0<\/p>\n<p>&#13;<br \/>\nF\u00eate de la Lib\u00e9ration \u00e0 Bormes les Mimosas avec feu d&rsquo;artifice le 17 ao\u00fbt&#13;<\/p>\n<p style=\"margin-left: 30px;\">La Lib\u00e9ration de Bormes se f\u00eate le 17 ao\u00fbt, au programme : c\u00e9r\u00e9monie, exposition&#8230; et feu d&rsquo;artifice !<\/p>\n<p>&#13;<\/p>\n<p> &#13;<\/p>\n<p>\u00a0<\/p>\n<p>&#13;<br \/>\n\u00a0F\u00eate de la Lib\u00e9ration Sainte Anastasie sur Issole\u00a0\u00a0le 17 ao\u00fbt&#13;<\/p>\n<p>Rendez-vous le 17 ao\u00fbt pour la F\u00eate de la Lib\u00e9ration de Sainte Anastasie sur Issole.<\/p>\n<p>&#13;<\/p>\n<p> &#13;<\/p>\n<p>\u00a0<\/p>\n<p>&#13;<br \/>\nBal, feu d&rsquo;artifice, camp militaire \u00e0 La Londe les Maures\u00a0\u00a0le 17 ao\u00fbt&#13;<\/p>\n<p>\u00a0<\/p>\n<p>&#13;<\/p>\n<p style=\"margin-left: 30px;\">Bal, feu d&rsquo;artifice, camp militaire&#8230; d\u00e9couvrez le programme de la f\u00eate de la lib\u00e9ration \u00e0 la londe, le 17 ao\u00fbt.<\/p>\n<p>&#13;<\/p>\n<p> &#13;<\/p>\n<p style=\"margin-left: 30px;\">\u00a0<\/p>\n<p>&#13;<br \/>\nF\u00eate de la Lib\u00e9ration &#8211; Le Luc en Provence le 17 ao\u00fbt&#13;<\/p>\n<p style=\"margin-left: 30px;\">C\u00e9r\u00e9monie et le Memory Big Band rend un vibrant hommage \u00e0 Glenn Miller \u00e0 travers le spectacle Glenn Miller Story, le 17 ao\u00fbt dans le cadre de la F\u00eate de la Lib\u00e9ration au Luc.<\/p>\n<p>&#13;<\/p>\n<p style=\"margin-left: 30px;\">\u00a0<\/p>\n<p>&#13;<\/p>\n<p> &#13;<\/p>\n<p style=\"margin-left: 30px;\">\u00a0<\/p>\n<p>&#13;<br \/>\n&#13;<br \/>\n<strong>Les March\u00e9s Nocturnes du weekend<\/strong>&#13;<\/p>\n<p> \u00a0&#13;<br \/>\n&#13;<br \/>\nF\u00eates foraines et f\u00eates locales cette semaine\u00a0&#13;<\/p>\n<p> \u00a0&#13;<br \/>\n&#13;<br \/>\n\u00a0Les cin\u00e9s plein air de la semaine\u00a0&#13;<br \/>\n&#13;<\/p>\n<p> \u00a0&#13;<br \/>\n&#13;<\/p>\n<p>\u00a0<\/p>\n<p>&#13;<br \/>\nC\u00f4t\u00e9 loisirs et festivit\u00e9s du week-end dans le Var&#13;<br \/>\nAiguines<br \/>\n\t\t\t\t Bandol<br \/>Barjols<br \/>\n\t\t\t\t Bormes-les-Mimosas<br \/>\n\t\t\t\t Brignoles<br \/>Carnoules<br \/>\n\t\t\t\t Carqueiranne<br \/>Cavalaire-sur-Mer<br \/>Collobri\u00e8res<br \/>\n\t\t\t\t Cuers<br \/>\n\t\t\t\t Draguignan<br \/>\n\t\t\t\t Fayence<br \/>\n\t\t\t\t Figani\u00e8res<br \/>\n\t\t\t\t Flassans-sur-Issole<br \/>\n\t\t\t\t Flayosc<br \/>\n\t\t\t\t Fr\u00e9jus<br \/>Gassin<br \/>\n\t\t\t\t Grimaud<br \/>\n\t\t\t\t Hy\u00e8res<br \/>\n\t\t\t\t La Crau<br \/>La Croix-Valmer<br \/>\n\t\t\t\t La Farl\u00e8de<br \/>\n\t\t\t\t La Garde<br \/>\n\t\t\t\t La Londe-les-Maures<br \/>\n\t\t\t\t La Seyne-sur-Mer<br \/>\n\t\t\t\t La Valette-du-Var<br \/>\n\t\t\t\t Le Beausset<br \/>\n\t\t\t\t Le Castellet<br \/>\n\t\t\t\t Le Lavandou<br \/>Le Luc<br \/>Le Pradet <br \/>\n\t\t\t\t Lorgues<br \/>\n\t\t\t\t Montauroux<br \/>\n\t\t\t\t Nans-les-Pins<br \/>\n\t\t\t\t Nice<br \/>\n\t\t\t\t Ollioules<br \/>\n\t\t\t\t Pignans<br \/>\n\t\t\t\t Ramatuelle<br \/>\n\t\t\t\t Roquebrune-sur-Argens<br \/>\n\t\t\t\t Saint-Cyr-sur-Mer<br \/>Saint-Mandrier-sur-Mer<br \/>\n\t\t\t\t Saint-Rapha\u00ebl<br \/>\n\t\t\t\t Sainte-Maxime<br \/>\n\t\t\t\t Sanary-sur-Mer<br \/>\n\t\t\t\t Six-Fours-les-Plages<br \/>\n\t\t\t\t Solli\u00e8s-Pont<br \/>\n\t\t\t\t Toulon<br \/>&#13;<\/p>\n<p>\u00a0<\/p>\n<p>&#13;<br \/>\nEn avant les expositions !&#13;<br \/>\nAiguines<br \/>\n\t\t\t\t Bormes-les-Mimosas<br \/>\n\t\t\t\t Collobri\u00e8res<br \/>\n\t\t\t\t Draguignan<br \/>\n\t\t\t\t Hy\u00e8res<br \/>\n\t\t\t\t La Croix-Valmer<br \/>\n\t\t\t\t La Seyne-sur-Mer<br \/>\n\t\t\t\t Le Lavandou<br \/>Nice<br \/>Ollioules<br \/>\n\t\t\t\t Pierrefeu-du-Var<br \/>\n\t\t\t\t Roquebrune-sur-Argens<br \/>Saint-Rapha\u00ebl<br \/>\n\t\t\t\t Saint-Tropez<br \/>\n\t\t\t\t Toulon<br \/>&#13;<\/p>\n<p>\u00a0<\/p>\n<p>&#13;<br \/>\n<a href=\"https:\/\/www.europesays.com\/fr\/wp-content\/uploads\/2025\/05\/4804.jpg\" data-fancybox=\"gallery\" class=\"grouped_elements\" rel=\"example_group\"><img decoding=\"async\" src=\"https:\/\/www.europesays.com\/fr\/wp-content\/uploads\/2025\/05\/4804.jpg\" class=\"include_img\" loading=\"lazy\"\/><\/a>&#13;<\/p>\n<p>\u00a0<\/p>\n<p>&#13;<br \/>\nLes spectacles du week-end\u00a0&#13;<\/p>\n<p>Entre com\u00e9dies hilarantes, pi\u00e8ces de th\u00e9\u00e2tre et concerts&#8230;ce week-end vous vous devriez rire et en prendre plein les oreilles.\u00a0<\/p>\n<p>Aiguines<br \/>\n\t\t\t\t Carnoules<br \/>\n\t\t\t\t Carqueiranne<br \/>\n\t\t\t\t Cavalaire-sur-Mer<br \/>Cuers<br \/>\n\t\t\t\t Draguignan<br \/>\n\t\t\t\t Entrecasteaux<br \/>\n\t\t\t\t Fayence<br \/>\n\t\t\t\t Flassans-sur-Issole<br \/>\n\t\t\t\t Flayosc<br \/>\n\t\t\t\t La Croix-Valmer<br \/>\n\t\t\t\t La Farl\u00e8de<br \/>\n\t\t\t\t La Seyne-sur-Mer<br \/>\n\t\t\t\t Le Beausset<br \/>\n\t\t\t\t Le Castellet<br \/>\n\t\t\t\t Le Luc<br \/>\n\t\t\t\t Le Pradet <br \/>\n\t\t\t\t Montauroux<br \/>\n\t\t\t\t Montfort-sur-Argens<br \/>\n\t\t\t\t Nans-les-Pins<br \/>\n\t\t\t\t Nice<br \/>Pierrefeu-du-Var<br \/>\n\t\t\t\t Pignans<br \/>\n\t\t\t\t Ramatuelle<br \/>Roquebrune-sur-Argens<br \/>\n\t\t\t\t Saint-Mandrier-sur-Mer<br \/>\n\t\t\t\t Saint-Rapha\u00ebl<br \/>\n\t\t\t\t Sainte-Maxime<br \/>Six-Fours-les-Plages<br \/>\n\t\t\t\t Solli\u00e8s-Pont<br \/>\n\t\t\t\t &#13;<br \/>\n<a href=\"https:\/\/www.europesays.com\/fr\/wp-content\/uploads\/2025\/04\/5034.jpg\" data-fancybox=\"gallery\" class=\"grouped_elements\" rel=\"example_group\"><img decoding=\"async\" src=\"https:\/\/www.europesays.com\/fr\/wp-content\/uploads\/2025\/04\/5034.jpg\" class=\"include_img\" loading=\"lazy\"\/><\/a>&#13;<\/p>\n<p>\u00a0<\/p>\n<p>&#13;<br \/>\nDe belles balades dans le Var ce week-end&#13;<\/p>\n<p><strong>&gt;\u00a0<a href=\"https:\/\/www.frequence-sud.fr\/balades-nature.php\" rel=\"nofollow noopener\" target=\"_blank\">https:\/\/www.frequence-sud.fr\/balades-nature.php<\/a><\/strong><\/p>\n<p>&#13;<\/p>\n<p>On profite du soleil et des massifs encore ouverts pour faire de belles balades nature dans le Var.<\/p>\n<p>&#13;<\/p>\n<p> \u00a0  <\/p>\n<p> \u00a0  <\/p>\n<p> \u00a0  <\/p>\n<p> \u00a0  <\/p>\n<p> \u00a0  <\/p>\n<p> &#13;<br \/>\n\u00a0<\/p>\n","protected":false},"excerpt":{"rendered":"Ce week-end, le Var s\u2019embrase au rythme des concerts, projections en plein air, feux d\u2019artifice et f\u00eates populaires\u202f!\u00a0&hellip;\n","protected":false},"author":2,"featured_media":325824,"comment_status":"","ping_status":"","sticky":false,"template":"","format":"standard","meta":{"footnotes":""},"categories":[9619],"tags":[1111,11,1777,674,1011,27,12,882,25,2310],"class_list":{"0":"post-325823","1":"post","2":"type-post","3":"status-publish","4":"format-standard","5":"has-post-thumbnail","7":"category-toulon","8":"tag-actu","9":"tag-actualites","10":"tag-eu","11":"tag-europe","12":"tag-fr","13":"tag-france","14":"tag-news","15":"tag-provence-alpes-cote-dazur","16":"tag-republique-francaise","17":"tag-toulon"},"share_on_mastodon":{"url":"https:\/\/pubeurope.com\/@fr\/115046630311490771","error":""},"_links":{"self":[{"href":"https:\/\/www.europesays.com\/fr\/wp-json\/wp\/v2\/posts\/325823","targetHints":{"allow":["GET"]}}],"collection":[{"href":"https:\/\/www.europesays.com\/fr\/wp-json\/wp\/v2\/posts"}],"about":[{"href":"https:\/\/www.europesays.com\/fr\/wp-json\/wp\/v2\/types\/post"}],"author":[{"embeddable":true,"href":"https:\/\/www.europesays.com\/fr\/wp-json\/wp\/v2\/users\/2"}],"replies":[{"embeddable":true,"href":"https:\/\/www.europesays.com\/fr\/wp-json\/wp\/v2\/comments?post=325823"}],"version-history":[{"count":0,"href":"https:\/\/www.europesays.com\/fr\/wp-json\/wp\/v2\/posts\/325823\/revisions"}],"wp:featuredmedia":[{"embeddable":true,"href":"https:\/\/www.europesays.com\/fr\/wp-json\/wp\/v2\/media\/325824"}],"wp:attachment":[{"href":"https:\/\/www.europesays.com\/fr\/wp-json\/wp\/v2\/media?parent=325823"}],"wp:term":[{"taxonomy":"category","embeddable":true,"href":"https:\/\/www.europesays.com\/fr\/wp-json\/wp\/v2\/categories?post=325823"},{"taxonomy":"post_tag","embeddable":true,"href":"https:\/\/www.europesays.com\/fr\/wp-json\/wp\/v2\/tags?post=325823"}],"curies":[{"name":"wp","href":"https:\/\/api.w.org\/{rel}","templated":true}]}}