{"id":325825,"date":"2025-08-17T23:10:11","date_gmt":"2025-08-17T23:10:11","guid":{"rendered":"https:\/\/www.europesays.com\/fr\/325825\/"},"modified":"2025-08-17T23:10:11","modified_gmt":"2025-08-17T23:10:11","slug":"previsions-du-lundi-18-aout-2025","status":"publish","type":"post","link":"https:\/\/www.europesays.com\/fr\/325825\/","title":{"rendered":"pr\u00e9visions du lundi 18 ao\u00fbt 2025"},"content":{"rendered":"<p>Aujourd&rsquo;hui, les Montpelli\u00e9rains vont pouvoir b\u00e9n\u00e9ficier d&rsquo;un soleil radieux. Les temp\u00e9ratures afficheront entre 23 et 32\u00b0C. Prenez garde \u00e0 la vague de chaleur au cours de la matin\u00e9e. Des valeurs de 24 \u00e0 32\u00b0C sont attendues. Un vent de nord-est soufflera l\u00e9g\u00e8rement. L&rsquo;apr\u00e8s-midi va se trouver vraiment suffocant : pr\u00e8s de 32\u00b0C. Le soir, le mercure affichera 25\u00b0C en moyenne. Le ciel sera limpide dans la nuit de lundi \u00e0 mardi.<\/p>\n<p>Une chute des temp\u00e9ratures est pr\u00e9vue \u00e0 Montpellier, demain. Les valeurs seront comprises entre 21 et 28\u00b0C. Une petite brise de sud sera ressentie par les habitants. On observera la pr\u00e9sence persistante de nuages le matin. Des pluies \u00e9parses vont tomber. On pr\u00e9voit des valeurs avoisinant 26\u00b0C. Le soleil sera dominant, la garantie d&rsquo;un magnifique apr\u00e8s-midi ! Les temp\u00e9ratures s&rsquo;\u00e9chelonneront de 27 \u00e0 28\u00b0C. Les nuages seront peu \u00e0 peu visibles au fil de la soir\u00e9e. On anticipe des orages.<\/p>\n<p>Les jours passent et ne changent pas. Le temps sera ensoleill\u00e9 avec des temp\u00e9ratures d&rsquo;environ 28\u00b0C.<\/p>\n<p>La vague de chaleur actuelle impose des dispositions suppl\u00e9mentaires, en particulier vis-\u00e0-vis des plus vuln\u00e9rables, comme les personnes \u00e2g\u00e9es et les enfants. N&rsquo;h\u00e9sitez pas \u00e0 vous tenir inform\u00e9s de l&rsquo;\u00e9volution des conditions climatiques.<\/p>\n","protected":false},"excerpt":{"rendered":"Aujourd&rsquo;hui, les Montpelli\u00e9rains vont pouvoir b\u00e9n\u00e9ficier d&rsquo;un soleil radieux. Les temp\u00e9ratures afficheront entre 23 et 32\u00b0C. Prenez garde&hellip;\n","protected":false},"author":2,"featured_media":325826,"comment_status":"","ping_status":"","sticky":false,"template":"","format":"standard","meta":{"footnotes":""},"categories":[9599],"tags":[1111,11,1777,674,1011,27,7089,2681,2208,12,2680,2119,25],"class_list":{"0":"post-325825","1":"post","2":"type-post","3":"status-publish","4":"format-standard","5":"has-post-thumbnail","7":"category-montpellier","8":"tag-actu","9":"tag-actualites","10":"tag-eu","11":"tag-europe","12":"tag-fr","13":"tag-france","14":"tag-herault","15":"tag-languedoc-roussillon","16":"tag-montpellier","17":"tag-news","18":"tag-occitanie","19":"tag-previsions-meteo","20":"tag-republique-francaise"},"share_on_mastodon":{"url":"https:\/\/pubeurope.com\/@fr\/115046634205351013","error":""},"_links":{"self":[{"href":"https:\/\/www.europesays.com\/fr\/wp-json\/wp\/v2\/posts\/325825","targetHints":{"allow":["GET"]}}],"collection":[{"href":"https:\/\/www.europesays.com\/fr\/wp-json\/wp\/v2\/posts"}],"about":[{"href":"https:\/\/www.europesays.com\/fr\/wp-json\/wp\/v2\/types\/post"}],"author":[{"embeddable":true,"href":"https:\/\/www.europesays.com\/fr\/wp-json\/wp\/v2\/users\/2"}],"replies":[{"embeddable":true,"href":"https:\/\/www.europesays.com\/fr\/wp-json\/wp\/v2\/comments?post=325825"}],"version-history":[{"count":0,"href":"https:\/\/www.europesays.com\/fr\/wp-json\/wp\/v2\/posts\/325825\/revisions"}],"wp:featuredmedia":[{"embeddable":true,"href":"https:\/\/www.europesays.com\/fr\/wp-json\/wp\/v2\/media\/325826"}],"wp:attachment":[{"href":"https:\/\/www.europesays.com\/fr\/wp-json\/wp\/v2\/media?parent=325825"}],"wp:term":[{"taxonomy":"category","embeddable":true,"href":"https:\/\/www.europesays.com\/fr\/wp-json\/wp\/v2\/categories?post=325825"},{"taxonomy":"post_tag","embeddable":true,"href":"https:\/\/www.europesays.com\/fr\/wp-json\/wp\/v2\/tags?post=325825"}],"curies":[{"name":"wp","href":"https:\/\/api.w.org\/{rel}","templated":true}]}}