{"id":325831,"date":"2025-08-17T23:16:20","date_gmt":"2025-08-17T23:16:20","guid":{"rendered":"https:\/\/www.europesays.com\/fr\/325831\/"},"modified":"2025-08-17T23:16:20","modified_gmt":"2025-08-17T23:16:20","slug":"les-bons-plans-max-radio-du-18-08-au-24-08","status":"publish","type":"post","link":"https:\/\/www.europesays.com\/fr\/325831\/","title":{"rendered":"Les Bons Plans Max Radio du 18\/08 au 24\/08"},"content":{"rendered":"<p>Chaque semaine, retrouvez les meilleurs bons plans de Grenoble et Chamb\u00e9ry ! <br \/>Que vous soyez \u00e0 la recherche d&rsquo;activit\u00e9s, de sorties, d&rsquo;\u00e9v\u00e9nements ou de bonnes adresses, nous vous partageons tout ce qu&rsquo;il ne faut pas manquer.<\/p>\n<p>Les Bons Plans \u00e0 Grenoble :<\/p>\n<p> <b>Rendez-vous : le 20 ao\u00fbt, de 17h \u00e0 19h30, au Fort de la Bastille.<\/b><\/p>\n<p>Des live, une vue imprenable, et de la bonne humeur : les ap\u00e9ros-concerts vous attendent \u00e0 la Bastille !<\/p>\n<p>Deux rendez-vous \u00e0 ne manquer sous aucun pr\u00e9texte, pour vibrer au rythme de l&rsquo;\u00e9t\u00e9 dans un cadre aussi spectaculaire que convivial.<br \/>Offrez-vous une parenth\u00e8se musicale en altitude. D\u00e8s les premi\u00e8res notes, laissez-vous porter par l&rsquo;ambiance et commencez votre week-end du bon pied, entre ciel et montagnes, face \u00e0 l&rsquo;un des plus beaux panoramas des Alpes.<br \/>Que vous veniez fl\u00e2ner en couple, vous d\u00e9tendre entre amis ou partager un moment joyeux en famille, les ap\u00e9ros-concerts de la Bastille sont l&rsquo;occasion parfaite de m\u00ealer d\u00e9tente, musique live et plaisir des papilles.<\/p>\n<p>Et pour combler les gourmands, des assiettes ap\u00e9ritives \u00e0 emporter vous seront propos\u00e9es jusqu&rsquo;\u00e0 20h30 au Restaurant du T\u00e9l\u00e9ph\u00e9rique ainsi qu&rsquo;au Snack la Salle des Gardes.<br \/>De quoi trinquer \u00e0 la beaut\u00e9 du moment, les yeux riv\u00e9s sur le coucher de soleil.<br \/>Entre son, saveurs et sommets, l&rsquo;\u00e9t\u00e9 se vit en musique \u00e0 la Bastille.<\/p>\n<p>Deux soir\u00e9es, deux ambiances, une seule promesse : celle d&rsquo;un ap\u00e9ro inoubliable\u2026 \u00e0 plus de 400 m\u00e8tres d&rsquo;altitude !<br \/>Mercredi 20 ao\u00fbt 2025, Balla Bangoura nous embarque dans un show ardent aux sonorit\u00e9s Afro Mandingues.<br \/>Issu d&rsquo;une famille de griots entre la Guin\u00e9e et le S\u00e9n\u00e9gal, il fait vibrer la sc\u00e8ne avec sa Kora, accompagn\u00e9e de guitare, basse, batterie et percussions.<\/p>\n<p>Ses chansons racontent son parcours depuis la Casamance, les rencontres et les amiti\u00e9s tiss\u00e9es loin de chez lui. <br \/>Sa musique enflamme les c\u0153urs et fait danser les corps. <br \/>Balla m\u00eale rythmes traditionnels africains et influences modernes dans une fusion pleine d&rsquo;\u00e9nergie.<br \/>Un spectacle festif et chaleureux o\u00f9 musique, danse et joie se rencontrent.<\/p>\n<p>Rendez-vous place Tournadre, place principale du Fort de la Bastille.<\/p>\n<p><a class=\"url\" href=\"https:\/\/www.grenoble-tourisme.com\/fr\/decouvrir\/evenements\/agenda\/detail\/les-aperos-concert-balla-bangoura-le-mercredi-20-aout-7478327\/\" target=\"_blank\" rel=\"nofollow noopener\">En savoir plus.<\/a><\/p>\n<tr>\n<td class=\"defaut\"><a href=\"https:\/\/www.radioscoop.com\/agenda\/javascript:void(0)\" onclick=\"parent.RS.diaporama.addMedia(703689) ;\" rel=\"nofollow noopener\" target=\"_blank\"><img loading=\"lazy\" decoding=\"async\" src=\"https:\/\/www.europesays.com\/fr\/wp-content\/uploads\/2025\/08\/1755472571_552_img\" width=\"640\" height=\"480\" border=\"0\" title=\"hgvhgh\"\/><\/a><\/td>\n<\/tr>\n<p> <b>Rendez-vous : le 20 ao\u00fbt, \u00e0 partir de 21h, au Mus\u00e9e Dauphinois.<\/b><\/p>\n<p>Une soir\u00e9e en famille dans les jardins du Mus\u00e9e dauphinois pour d\u00e9couvrir le film, \u00ab\u00a0Arrietty le petit monde des chapardeurs\u00a0\u00bb.<\/p>\n<p>Une belle histoire d&rsquo;amiti\u00e9 dans des d\u00e9cors somptueux comme le studio Ghibli en a le secret.<\/p>\n<p>NB : Sous r\u00e9serve de conditions m\u00e9t\u00e9orologiques favorables.<\/p>\n<p><a class=\"url\" href=\"https:\/\/www.grenoble-tourisme.com\/fr\/decouvrir\/evenements\/agenda\/detail\/cinema-en-plein-air-arrietty-le-petit-monde-des-chapardeurs-7413490\/\" target=\"_blank\" rel=\"nofollow noopener\">En savoir plus.<\/a><\/p>\n<tr>\n<td class=\"defaut\"><a href=\"https:\/\/www.radioscoop.com\/agenda\/javascript:void(0)\" onclick=\"parent.RS.diaporama.addMedia(703690) ;\" rel=\"nofollow noopener\" target=\"_blank\"><img loading=\"lazy\" decoding=\"async\" src=\"https:\/\/www.europesays.com\/fr\/wp-content\/uploads\/2025\/08\/1755472573_429_img\" width=\"481\" height=\"640\" border=\"0\" title=\"gvhtgnhv\"\/><\/a><\/td>\n<\/tr>\n<p> <b>Rendez-vous : le 22 ao\u00fbt, \u00e0 partir de 21h, au Parc du Centre hospitalier Alpes Is\u00e8re.<\/b><\/p>\n<p>Pour \u00e9chapper \u00e0 la police, un fils et son p\u00e8re en cavale sont contraints de trouver refuge dans une colonie de vacances pour jeunes adultes en situation de handicap, se faisant passer pour un pensionnaire et son \u00e9ducateur sp\u00e9cialis\u00e9.<\/p>\n<p>Le d\u00e9but des emmerdes et d&rsquo;une formidable exp\u00e9rience humaine qui va les changer \u00e0 jamais.<\/p>\n<p><a class=\"url\" href=\"https:\/\/www.grenoble-tourisme.com\/fr\/decouvrir\/evenements\/agenda\/detail\/cine-plein-air-un-ptit-truc-en-plus-7429432\/\" target=\"_blank\" rel=\"nofollow noopener\">Je prends ma place !<\/a><\/p>\n<tr>\n<td class=\"defaut\"><a href=\"https:\/\/www.radioscoop.com\/agenda\/javascript:void(0)\" onclick=\"parent.RS.diaporama.addMedia(703691) ;\" rel=\"nofollow noopener\" target=\"_blank\"><img loading=\"lazy\" decoding=\"async\" src=\"https:\/\/www.europesays.com\/fr\/wp-content\/uploads\/2025\/08\/1755472575_207_img\" width=\"428\" height=\"640\" border=\"0\" title=\"gtggfcch\"\/><\/a><\/td>\n<\/tr>\n<p> <b>Rendez-vous : le 23 et 24 ao\u00fbt, de 10h \u00e0 19h.<\/b><\/p>\n<p>La Foire M\u00e9di\u00e9vale de Sassenage revient pour une 2e \u00e9dition encore plus folle ! Replongez au c\u0153ur du Moyen \u00c2ge et vivre un week-end hors du temps. Nous avons h\u00e2te de partager \u00e0 nouveau ces moments magiques !<\/p>\n<p>Au programme : campements m\u00e9di\u00e9vaux, animations autour de la danse, combats sc\u00e9naris\u00e9s et r\u00e9els, animations musicales, jeux en bois g\u00e9ants, buvette et restauration toute la journ\u00e9e, animations pour enfants (ch\u00e2teau gonflable, p\u00eache au canard&#8230;), march\u00e9 de 40 cr\u00e9ateurs, banquet m\u00e9di\u00e9val, concert et spectacle de feu le samedi soir&#8230;<\/p>\n<p><a class=\"url\" href=\"https:\/\/www.grenoble-tourisme.com\/fr\/decouvrir\/evenements\/agenda\/detail\/foire-medievale-de-sassenage-2025-2eme-edition-7452835\/\" target=\"_blank\" rel=\"nofollow noopener\">Je prends ma place !<\/a><\/p>\n<tr>\n<td class=\"defaut\"><a href=\"https:\/\/www.radioscoop.com\/agenda\/javascript:void(0)\" onclick=\"parent.RS.diaporama.addMedia(703692) ;\" rel=\"nofollow noopener\" target=\"_blank\"><img loading=\"lazy\" decoding=\"async\" src=\"https:\/\/www.europesays.com\/fr\/wp-content\/uploads\/2025\/08\/1755472577_147_img\" width=\"452\" height=\"640\" border=\"0\" title=\"vfhgcfh\"\/><\/a><\/td>\n<\/tr>\n<p> <b>Rendez-vous : du 23 au 29 ao\u00fbt, de 10h \u00e0 17h, \u00e0 la Cour du Vieux Temple ou salle Olivier Messiaen.<\/b><\/p>\n<p>Depuis 25 ans le Festival de la Cour du Vieux Temple agit comme un \u00eelot de fra\u00eecheur au c\u0153ur de l&rsquo;\u00e9t\u00e9.<br \/>Pendant 10 soir\u00e9es, il profitera de la verdure et du calme du clo\u00eetre du Couvent des Minimes pour distiller des spectacles de tout genre.<\/p>\n<p>La soir\u00e9e d\u00e9bute \u00e0 18h avec la 1\/2 heure joyeuse, sc\u00e8ne ouverte gratuite, avant la premi\u00e8re partie \u00e0 19h et le \u00ab grand \u00bb spectacle de th\u00e9\u00e2tre de 21h. <br \/>Entre les deux, le festivalier peut se restaurer sur place et profiter de l&rsquo;ambiance douce de l&rsquo;\u00e9crin de la cour. <\/p>\n<p>&#8211; Espace convivial <br \/>&#8211; Buvette et Snacking d\u00e8s 18h<br \/>&#8211; Arr\u00eat du service pendant les spectacles.<br \/>&#8211; Il est conseill\u00e9 d&rsquo;apporter un coussin et de se munir d&rsquo;une petite laine.<\/p>\n<p><a class=\"url\" href=\"https:\/\/www.grenoble-tourisme.com\/fr\/decouvrir\/evenements\/agenda\/detail\/festival-de-la-cour-du-vieux-temple-158400\/\" target=\"_blank\" rel=\"nofollow noopener\">Je prends ma place !<\/a><\/p>\n<tr>\n<td class=\"defaut\"><a href=\"https:\/\/www.radioscoop.com\/agenda\/javascript:void(0)\" onclick=\"parent.RS.diaporama.addMedia(703693) ;\" rel=\"nofollow noopener\" target=\"_blank\"><img loading=\"lazy\" decoding=\"async\" src=\"https:\/\/www.europesays.com\/fr\/wp-content\/uploads\/2025\/08\/1755472580_573_img\" width=\"640\" height=\"640\" border=\"0\" title=\"jcghhbj\"\/><\/a><\/td>\n<\/tr>\n<p><\/p>\n","protected":false},"excerpt":{"rendered":"Chaque semaine, retrouvez les meilleurs bons plans de Grenoble et Chamb\u00e9ry ! Que vous soyez \u00e0 la recherche&hellip;\n","protected":false},"author":2,"featured_media":325832,"comment_status":"","ping_status":"","sticky":false,"template":"","format":"standard","meta":{"footnotes":""},"categories":[9566],"tags":[1111,11,2430,677,12362,1777,674,1011,27,2731,12,7518,25],"class_list":{"0":"post-325831","1":"post","2":"type-post","3":"status-publish","4":"format-standard","5":"has-post-thumbnail","7":"category-grenoble","8":"tag-actu","9":"tag-actualites","10":"tag-auvergne-rhone-alpes","11":"tag-bons-plans","12":"tag-chambry","13":"tag-eu","14":"tag-europe","15":"tag-fr","16":"tag-france","17":"tag-grenoble","18":"tag-news","19":"tag-octobre","20":"tag-republique-francaise"},"share_on_mastodon":{"url":"https:\/\/pubeurope.com\/@fr\/115046658007903639","error":""},"_links":{"self":[{"href":"https:\/\/www.europesays.com\/fr\/wp-json\/wp\/v2\/posts\/325831","targetHints":{"allow":["GET"]}}],"collection":[{"href":"https:\/\/www.europesays.com\/fr\/wp-json\/wp\/v2\/posts"}],"about":[{"href":"https:\/\/www.europesays.com\/fr\/wp-json\/wp\/v2\/types\/post"}],"author":[{"embeddable":true,"href":"https:\/\/www.europesays.com\/fr\/wp-json\/wp\/v2\/users\/2"}],"replies":[{"embeddable":true,"href":"https:\/\/www.europesays.com\/fr\/wp-json\/wp\/v2\/comments?post=325831"}],"version-history":[{"count":0,"href":"https:\/\/www.europesays.com\/fr\/wp-json\/wp\/v2\/posts\/325831\/revisions"}],"wp:featuredmedia":[{"embeddable":true,"href":"https:\/\/www.europesays.com\/fr\/wp-json\/wp\/v2\/media\/325832"}],"wp:attachment":[{"href":"https:\/\/www.europesays.com\/fr\/wp-json\/wp\/v2\/media?parent=325831"}],"wp:term":[{"taxonomy":"category","embeddable":true,"href":"https:\/\/www.europesays.com\/fr\/wp-json\/wp\/v2\/categories?post=325831"},{"taxonomy":"post_tag","embeddable":true,"href":"https:\/\/www.europesays.com\/fr\/wp-json\/wp\/v2\/tags?post=325831"}],"curies":[{"name":"wp","href":"https:\/\/api.w.org\/{rel}","templated":true}]}}