{"id":325839,"date":"2025-08-17T23:20:11","date_gmt":"2025-08-17T23:20:11","guid":{"rendered":"https:\/\/www.europesays.com\/fr\/325839\/"},"modified":"2025-08-17T23:20:11","modified_gmt":"2025-08-17T23:20:11","slug":"previsions-du-lundi-18-aout-2025-2","status":"publish","type":"post","link":"https:\/\/www.europesays.com\/fr\/325839\/","title":{"rendered":"pr\u00e9visions du lundi 18 ao\u00fbt 2025"},"content":{"rendered":"<p>Aujourd&rsquo;hui, un important soleil rayonnera sur Strasbourg. Les valeurs seront comprises entre 14 et 29\u00b0C. Un vent de nord-est soufflera l\u00e9g\u00e8rement, avec 10 km\/h. La m\u00e9t\u00e9o va se r\u00e9chauffer l&rsquo;apr\u00e8s-midi avec une augmentation de plusieurs degr\u00e9s. Les temp\u00e9ratures s&rsquo;\u00e9chelonneront entre 28 et 29\u00b0C. Le passage de lundi \u00e0 mardi se fera sous un ciel limpide.<\/p>\n<p>Demain, les Strasbourgeois vont pouvoir profiter d&rsquo;un soleil radieux. Une m\u00e9t\u00e9o plus chaude est pr\u00e9vue puisque les temp\u00e9ratures vont enregistrer une hausse. Les valeurs maximales attendues sont \u00e9lev\u00e9es, avec 32\u00b0C. Les temp\u00e9ratures afficheront entre 15 et 32\u00b0C. Il va faire 24\u00b0C en moyenne le matin. Un petit vent de sud-est soufflera. Demain apr\u00e8s-midi, c&rsquo;est une hausse de plusieurs degr\u00e9s que vont conna\u00eetre les temp\u00e9ratures. De tr\u00e8s fortes chaleurs (entre 30\u00b0C et 32\u00b0C) sont annonc\u00e9es. Demain soir, le thermom\u00e8tre affichera 25\u00b0C en moyenne. Un vent de nord-est rafra\u00eechira l\u00e9g\u00e8rement l&rsquo;atmosph\u00e8re.<\/p>\n<p>La m\u00e9t\u00e9o des jours suivants va se d\u00e9grader. Une m\u00e9t\u00e9o pluvieuse, pour des temp\u00e9ratures de 24\u00b0C environ, est \u00e0 pr\u00e9voir.<\/p>\n<p><\/p>\n","protected":false},"excerpt":{"rendered":"Aujourd&rsquo;hui, un important soleil rayonnera sur Strasbourg. Les valeurs seront comprises entre 14 et 29\u00b0C. Un vent de&hellip;\n","protected":false},"author":2,"featured_media":325840,"comment_status":"","ping_status":"","sticky":false,"template":"","format":"standard","meta":{"footnotes":""},"categories":[2820],"tags":[1111,11,2389,2649,1777,674,1011,27,775,12,2119,25,640],"class_list":{"0":"post-325839","1":"post","2":"type-post","3":"status-publish","4":"format-standard","5":"has-post-thumbnail","7":"category-strasbourg","8":"tag-actu","9":"tag-actualites","10":"tag-alsace","11":"tag-bas-rhin","12":"tag-eu","13":"tag-europe","14":"tag-fr","15":"tag-france","16":"tag-grand-est","17":"tag-news","18":"tag-previsions-meteo","19":"tag-republique-francaise","20":"tag-strasbourg"},"share_on_mastodon":{"url":"https:\/\/pubeurope.com\/@fr\/115046673516584800","error":""},"_links":{"self":[{"href":"https:\/\/www.europesays.com\/fr\/wp-json\/wp\/v2\/posts\/325839","targetHints":{"allow":["GET"]}}],"collection":[{"href":"https:\/\/www.europesays.com\/fr\/wp-json\/wp\/v2\/posts"}],"about":[{"href":"https:\/\/www.europesays.com\/fr\/wp-json\/wp\/v2\/types\/post"}],"author":[{"embeddable":true,"href":"https:\/\/www.europesays.com\/fr\/wp-json\/wp\/v2\/users\/2"}],"replies":[{"embeddable":true,"href":"https:\/\/www.europesays.com\/fr\/wp-json\/wp\/v2\/comments?post=325839"}],"version-history":[{"count":0,"href":"https:\/\/www.europesays.com\/fr\/wp-json\/wp\/v2\/posts\/325839\/revisions"}],"wp:featuredmedia":[{"embeddable":true,"href":"https:\/\/www.europesays.com\/fr\/wp-json\/wp\/v2\/media\/325840"}],"wp:attachment":[{"href":"https:\/\/www.europesays.com\/fr\/wp-json\/wp\/v2\/media?parent=325839"}],"wp:term":[{"taxonomy":"category","embeddable":true,"href":"https:\/\/www.europesays.com\/fr\/wp-json\/wp\/v2\/categories?post=325839"},{"taxonomy":"post_tag","embeddable":true,"href":"https:\/\/www.europesays.com\/fr\/wp-json\/wp\/v2\/tags?post=325839"}],"curies":[{"name":"wp","href":"https:\/\/api.w.org\/{rel}","templated":true}]}}