{"id":325841,"date":"2025-08-17T23:21:34","date_gmt":"2025-08-17T23:21:34","guid":{"rendered":"https:\/\/www.europesays.com\/fr\/325841\/"},"modified":"2025-08-17T23:21:34","modified_gmt":"2025-08-17T23:21:34","slug":"strasbourg-arrache-la-victoire-a-metz-et-lance-bien-sa-saison","status":"publish","type":"post","link":"https:\/\/www.europesays.com\/fr\/325841\/","title":{"rendered":"Strasbourg arrache la victoire \u00e0 Metz et lance bien sa saison"},"content":{"rendered":"<p><strong>Metz\u00a0&#8211; Strasbourg\u00a0: 0-1<\/strong><\/p>\n<p>Sans briller, Strasbourg a assur\u00e9 l\u2019essentiel, en glanant son premier succ\u00e8s de la saison. Le club alsacien va maintenant pouvoir se consacrer au barrage aller de qualification pour la Ligue Conf\u00e9rence. Il re\u00e7oit Brondby ce jeudi 21\u00a0ao\u00fbt 2025, avant de se d\u00e9placer une semaine plus tard au Danemark pour le match retour.<\/p>\n<p>Ce n\u2019est pas au Stade Saint-Symphorien qu\u2019on aura vu tout le potentiel de ce groupe reb\u00e2ti cet \u00e9t\u00e9 avec une dizaine de recrues, pour un montant total d\u2019environ cent millions d\u2019euros, somme immense \u00e0 l\u2019\u00e9chelle de la Ligue 1 permise par l\u2019appui de son actionnaire BlueCo, aussi propri\u00e9taire de Chelsea.<\/p>\n<p>N\u00e9anmoins, c\u2019est tout de m\u00eame gr\u00e2ce \u00e0 un nouveau venu, l\u2019attaquant Joaquin Panichelli, buteur de la t\u00eate en fin de match (86e), que les Strasbourgeois ont glan\u00e9 leurs trois premiers points. Du reste, ce match a \u00e9t\u00e9 terne, marqu\u00e9 par la mainmise des Messins en premi\u00e8re p\u00e9riode, qui regretteront leur maladresse, comme l\u2019occasion manqu\u00e9e de Koffi Kouao \u00e0 la 30e. Les joueurs de Liam Rosenior se sont montr\u00e9s davantage dangereux en deuxi\u00e8me mi-temps, gr\u00e2ce \u00e0 F\u00e9lix Lemar\u00e9chal, sur coup franc (48e), ou encore Emanuel Emegha (85e). Jusqu\u2019\u00e0 la d\u00e9livrance avec le but de Panichelli, apr\u00e8s un centre de Dilane Bakwa.<\/p>\n<p>En revanche, on a pu pleinement voir \u00e0 Metz quelle est la philosophie de Strasbourg. Le club alsacien a en effet align\u00e9, pour la premi\u00e8re fois de l\u2019histoire des cinq grands championnats europ\u00e9ens, un onze uniquement constitu\u00e9 de joueurs n\u00e9s en 2000 ou apr\u00e8s. Comme lors du pr\u00e9c\u00e9dent exercice, il fera donc confiance aux jeunes joueurs de son effectif pour emmener Strasbourg vers l\u2019Europe.<\/p>\n<p>En face, St\u00e9phane Le Mignan a pu mesurer le travail qui l\u2019attend s\u2019il veut maintenir Metz en Ligue 1. Les Messins vont rapidement pouvoir s\u2019\u00e9talonner face \u00e0 un rival direct pour le maintien. Apr\u00e8s un voyage \u00e0 Lyon la semaine prochaine, ils iront \u00e0 Paris pour affronter le Paris FC, un autre promu.<\/p>\n<p>Mi-temps\u00a0: 0-0<\/p>\n<p>But\u00a0: pour Strasbourg, Panichelli (86e).<\/p>\n","protected":false},"excerpt":{"rendered":"Metz\u00a0&#8211; Strasbourg\u00a0: 0-1 Sans briller, Strasbourg a assur\u00e9 l\u2019essentiel, en glanant son premier succ\u00e8s de la saison. Le&hellip;\n","protected":false},"author":2,"featured_media":325842,"comment_status":"","ping_status":"","sticky":false,"template":"","format":"standard","meta":{"footnotes":""},"categories":[2820],"tags":[1111,11,1777,674,63,1011,27,775,66,12,25,60,640],"class_list":{"0":"post-325841","1":"post","2":"type-post","3":"status-publish","4":"format-standard","5":"has-post-thumbnail","7":"category-strasbourg","8":"tag-actu","9":"tag-actualites","10":"tag-eu","11":"tag-europe","12":"tag-football","13":"tag-fr","14":"tag-france","15":"tag-grand-est","16":"tag-ligue-1","17":"tag-news","18":"tag-republique-francaise","19":"tag-sports","20":"tag-strasbourg"},"share_on_mastodon":{"url":"https:\/\/pubeurope.com\/@fr\/115046677427579089","error":""},"_links":{"self":[{"href":"https:\/\/www.europesays.com\/fr\/wp-json\/wp\/v2\/posts\/325841","targetHints":{"allow":["GET"]}}],"collection":[{"href":"https:\/\/www.europesays.com\/fr\/wp-json\/wp\/v2\/posts"}],"about":[{"href":"https:\/\/www.europesays.com\/fr\/wp-json\/wp\/v2\/types\/post"}],"author":[{"embeddable":true,"href":"https:\/\/www.europesays.com\/fr\/wp-json\/wp\/v2\/users\/2"}],"replies":[{"embeddable":true,"href":"https:\/\/www.europesays.com\/fr\/wp-json\/wp\/v2\/comments?post=325841"}],"version-history":[{"count":0,"href":"https:\/\/www.europesays.com\/fr\/wp-json\/wp\/v2\/posts\/325841\/revisions"}],"wp:featuredmedia":[{"embeddable":true,"href":"https:\/\/www.europesays.com\/fr\/wp-json\/wp\/v2\/media\/325842"}],"wp:attachment":[{"href":"https:\/\/www.europesays.com\/fr\/wp-json\/wp\/v2\/media?parent=325841"}],"wp:term":[{"taxonomy":"category","embeddable":true,"href":"https:\/\/www.europesays.com\/fr\/wp-json\/wp\/v2\/categories?post=325841"},{"taxonomy":"post_tag","embeddable":true,"href":"https:\/\/www.europesays.com\/fr\/wp-json\/wp\/v2\/tags?post=325841"}],"curies":[{"name":"wp","href":"https:\/\/api.w.org\/{rel}","templated":true}]}}