{"id":325851,"date":"2025-08-17T23:28:10","date_gmt":"2025-08-17T23:28:10","guid":{"rendered":"https:\/\/www.europesays.com\/fr\/325851\/"},"modified":"2025-08-17T23:28:10","modified_gmt":"2025-08-17T23:28:10","slug":"previsions-du-lundi-18-aout-2025-4","status":"publish","type":"post","link":"https:\/\/www.europesays.com\/fr\/325851\/","title":{"rendered":"pr\u00e9visions du lundi 18 ao\u00fbt 2025"},"content":{"rendered":"<p>Toulouse va conna\u00eetre une magnifique journ\u00e9e particuli\u00e8rement ensoleill\u00e9e. Les valeurs s&rsquo;\u00e9chelonneront entre 19 et 35\u00b0C. Un vent de nord-ouest rafra\u00eechira sensiblement l&rsquo;atmosph\u00e8re. Prenez garde \u00e0 la vague de chaud dans la matin\u00e9e. Des temp\u00e9ratures de 20 \u00e0 30\u00b0C sont attendues. Les valeurs vont enregistrer une hausse de plusieurs degr\u00e9s dans l&rsquo;apr\u00e8s-midi. La p\u00e9riode de fortes chaleurs est bien l\u00e0, avec des valeurs qui risqueront d&rsquo;aller jusqu&rsquo;\u00e0 35\u00b0C. Des orages \u00e9clateront dans la soir\u00e9e. Le mercure affichera 24\u00b0C en moyenne. Le passage de lundi \u00e0 mardi se fera sous un ciel clair.<\/p>\n<p>Encore de la grisaille demain. Les nuages vont stationner sur Toulouse. Il va pleuvoir. Une l\u00e9g\u00e8re diminution des temp\u00e9ratures est \u00e0 pr\u00e9voir. Les valeurs seront comprises entre 18 et 26\u00b0C. Un l\u00e9ger vent de nord-ouest sera ressenti par les habitants. Les nuages en pr\u00e9vision le matin, et un ciel encore maussade. L&rsquo;apr\u00e8s-midi va rester couvert \u00e0 cause de nuages qui perdurent dans le ciel. En revanche, les temp\u00e9ratures vont grimper de quelques degr\u00e9s. Les maximales atteindront les 26\u00b0C tandis que les minimales seront de 25\u00b0C. Des averses sont annonc\u00e9es demain soir, et peuvent perturber les balades.<\/p>\n<p>Les jours passent et ne changent pas. On pr\u00e9voit des journ\u00e9es pluvieuses, accompagn\u00e9es par des temp\u00e9ratures dans les 27\u00b0C en moyenne.<\/p>\n<p><\/p>\n","protected":false},"excerpt":{"rendered":"Toulouse va conna\u00eetre une magnifique journ\u00e9e particuli\u00e8rement ensoleill\u00e9e. Les valeurs s&rsquo;\u00e9chelonneront entre 19 et 35\u00b0C. Un vent de&hellip;\n","protected":false},"author":2,"featured_media":325852,"comment_status":"","ping_status":"","sticky":false,"template":"","format":"standard","meta":{"footnotes":""},"categories":[2816],"tags":[1111,11,1777,674,1011,27,2722,2721,12,2680,2119,25,2312],"class_list":{"0":"post-325851","1":"post","2":"type-post","3":"status-publish","4":"format-standard","5":"has-post-thumbnail","7":"category-toulouse","8":"tag-actu","9":"tag-actualites","10":"tag-eu","11":"tag-europe","12":"tag-fr","13":"tag-france","14":"tag-haute-garonne","15":"tag-midi-pyrenees","16":"tag-news","17":"tag-occitanie","18":"tag-previsions-meteo","19":"tag-republique-francaise","20":"tag-toulouse"},"share_on_mastodon":{"url":"https:\/\/pubeurope.com\/@fr\/115046704928457184","error":""},"_links":{"self":[{"href":"https:\/\/www.europesays.com\/fr\/wp-json\/wp\/v2\/posts\/325851","targetHints":{"allow":["GET"]}}],"collection":[{"href":"https:\/\/www.europesays.com\/fr\/wp-json\/wp\/v2\/posts"}],"about":[{"href":"https:\/\/www.europesays.com\/fr\/wp-json\/wp\/v2\/types\/post"}],"author":[{"embeddable":true,"href":"https:\/\/www.europesays.com\/fr\/wp-json\/wp\/v2\/users\/2"}],"replies":[{"embeddable":true,"href":"https:\/\/www.europesays.com\/fr\/wp-json\/wp\/v2\/comments?post=325851"}],"version-history":[{"count":0,"href":"https:\/\/www.europesays.com\/fr\/wp-json\/wp\/v2\/posts\/325851\/revisions"}],"wp:featuredmedia":[{"embeddable":true,"href":"https:\/\/www.europesays.com\/fr\/wp-json\/wp\/v2\/media\/325852"}],"wp:attachment":[{"href":"https:\/\/www.europesays.com\/fr\/wp-json\/wp\/v2\/media?parent=325851"}],"wp:term":[{"taxonomy":"category","embeddable":true,"href":"https:\/\/www.europesays.com\/fr\/wp-json\/wp\/v2\/categories?post=325851"},{"taxonomy":"post_tag","embeddable":true,"href":"https:\/\/www.europesays.com\/fr\/wp-json\/wp\/v2\/tags?post=325851"}],"curies":[{"name":"wp","href":"https:\/\/api.w.org\/{rel}","templated":true}]}}