{"id":325856,"date":"2025-08-17T23:32:10","date_gmt":"2025-08-17T23:32:10","guid":{"rendered":"https:\/\/www.europesays.com\/fr\/325856\/"},"modified":"2025-08-17T23:32:10","modified_gmt":"2025-08-17T23:32:10","slug":"lassociation-recyclop-mene-campagne-en-centre-ville","status":"publish","type":"post","link":"https:\/\/www.europesays.com\/fr\/325856\/","title":{"rendered":"l\u2019association Recyclop m\u00e8ne campagne en centre-ville"},"content":{"rendered":"\n<p>B\u00eate noire des cours d\u2019eau quand il peut contaminer jusqu\u2019\u00e0 500 litres une fois abandonn\u00e9 dans la rue, il est aussi des plus dangereux pour nos collines en pleine s\u00e9cheresse estivale\u00a0: le m\u00e9got de cigarette. Fl\u00e9au sur lequel a d\u00e9cid\u00e9 d\u2019agir l\u2019association marseillaise Recyclop. Depuis dix ans, elle a d\u00e9cid\u00e9 de s\u2019engager \u00ab\u00a0sans culpabiliser les fumeurs\u00a0\u00bb en proposant cendriers de poche ou de rue, m\u00e9thodes de recyclage et \u00e9galement un certain nombre d\u2019actions de sensibilisation.<\/p>\n<p>Parmi elles, celles men\u00e9es aupr\u00e8s des buralistes du centre-ville depuis plusieurs semaines, dont une aura lieu ce jeudi 21\u00a0ao\u00fbt. L\u2019id\u00e9e, \u00ab\u00a0rencontrer les fumeurs directement, pour leur proposer une alternative concr\u00e8te\u00a0\u00bb au jet de m\u00e9got et les sensibiliser au risque du geste.<\/p>\n<p> Un enjeu \u00e9galement \u00e9cologique\n              <\/p>\n<p>\u00ab\u00a0On le dit souvent, et encore plus ces derni\u00e8res semaines au vu de l\u2019actualit\u00e9 sur notre d\u00e9partement\u00a0: un seul m\u00e9got jet\u00e9 au sol peut suffire \u00e0 d\u00e9clencher un feu de for\u00eat. L\u2019id\u00e9e, ce n\u2019est pas de stigmatiser les fumeurs, mais de les responsabiliser\u00a0\u00bb, explique Alexandre Ben Hamou, directeur et co-fondateur de l\u2019association. \u00ab\u00a0Avec un simple cendrier de poche et une sensibilisation devant les bureaux de tabac, on essaie d\u2019\u00e9viter tout nouveaux risques et de pr\u00e9server l\u2019environnement qui nous entoure\u00a0\u00bb, ajoute ce dernier.<\/p>\n<p>\u00ab\u00a0Au-del\u00e0 du volet incendie, l\u2019enjeu est aussi \u00e9cologique\u00a0\u00bb, pr\u00e9cise-t-on au sein de Recyclop, qui collecte \u00e9galement les m\u00e9gots pour les transformer en \u00e9nergie. Plus de 50\u00a0bars et restaurants participent notamment \u00e0 l\u2019op\u00e9ration \u00ab\u00a0ma terrasse propre\u00a0\u00bb pour les r\u00e9cup\u00e9rer en utilisant un v\u00e9lo cargo \u00e9lectrique.<\/p>\n","protected":false},"excerpt":{"rendered":"B\u00eate noire des cours d\u2019eau quand il peut contaminer jusqu\u2019\u00e0 500 litres une fois abandonn\u00e9 dans la rue,&hellip;\n","protected":false},"author":2,"featured_media":325857,"comment_status":"","ping_status":"","sticky":false,"template":"","format":"standard","meta":{"footnotes":""},"categories":[2814],"tags":[1111,11,1777,674,1011,27,884,12,882,25,13512],"class_list":{"0":"post-325856","1":"post","2":"type-post","3":"status-publish","4":"format-standard","5":"has-post-thumbnail","7":"category-marseille","8":"tag-actu","9":"tag-actualites","10":"tag-eu","11":"tag-europe","12":"tag-fr","13":"tag-france","14":"tag-marseille","15":"tag-news","16":"tag-provence-alpes-cote-dazur","17":"tag-republique-francaise","18":"tag-sensibilisation"},"share_on_mastodon":{"url":"https:\/\/pubeurope.com\/@fr\/115046720655011075","error":""},"_links":{"self":[{"href":"https:\/\/www.europesays.com\/fr\/wp-json\/wp\/v2\/posts\/325856","targetHints":{"allow":["GET"]}}],"collection":[{"href":"https:\/\/www.europesays.com\/fr\/wp-json\/wp\/v2\/posts"}],"about":[{"href":"https:\/\/www.europesays.com\/fr\/wp-json\/wp\/v2\/types\/post"}],"author":[{"embeddable":true,"href":"https:\/\/www.europesays.com\/fr\/wp-json\/wp\/v2\/users\/2"}],"replies":[{"embeddable":true,"href":"https:\/\/www.europesays.com\/fr\/wp-json\/wp\/v2\/comments?post=325856"}],"version-history":[{"count":0,"href":"https:\/\/www.europesays.com\/fr\/wp-json\/wp\/v2\/posts\/325856\/revisions"}],"wp:featuredmedia":[{"embeddable":true,"href":"https:\/\/www.europesays.com\/fr\/wp-json\/wp\/v2\/media\/325857"}],"wp:attachment":[{"href":"https:\/\/www.europesays.com\/fr\/wp-json\/wp\/v2\/media?parent=325856"}],"wp:term":[{"taxonomy":"category","embeddable":true,"href":"https:\/\/www.europesays.com\/fr\/wp-json\/wp\/v2\/categories?post=325856"},{"taxonomy":"post_tag","embeddable":true,"href":"https:\/\/www.europesays.com\/fr\/wp-json\/wp\/v2\/tags?post=325856"}],"curies":[{"name":"wp","href":"https:\/\/api.w.org\/{rel}","templated":true}]}}