{"id":325860,"date":"2025-08-17T23:34:10","date_gmt":"2025-08-17T23:34:10","guid":{"rendered":"https:\/\/www.europesays.com\/fr\/325860\/"},"modified":"2025-08-17T23:34:10","modified_gmt":"2025-08-17T23:34:10","slug":"previsions-du-lundi-18-aout-2025-6","status":"publish","type":"post","link":"https:\/\/www.europesays.com\/fr\/325860\/","title":{"rendered":"pr\u00e9visions du lundi 18 ao\u00fbt 2025"},"content":{"rendered":"<p>La journ\u00e9e qui s&rsquo;annonce \u00e0 Lyon, promet d&rsquo;\u00eatre belle et ensoleill\u00e9e ! Les temp\u00e9ratures s&rsquo;\u00e9chelonneront entre 17 et 33\u00b0C. Une petite brise de nord-est sera ressentie par les habitants. Le temps va se r\u00e9chauffer l&rsquo;apr\u00e8s-midi avec une augmentation de plusieurs degr\u00e9s. La ville va conna\u00eetre une vague d&rsquo;importantes chaleurs avec des valeurs qui atteindront parfois les 33\u00b0C. Durant votre sommeil, dans la nuit de lundi \u00e0 mardi, le ciel sera clair.<\/p>\n<p>Une chute des temp\u00e9ratures est \u00e0 pr\u00e9voir \u00e0 Lyon, demain. Prenez garde \u00e0 la vague de chaleur. Des temp\u00e9ratures de 16 \u00e0 32\u00b0C sont pr\u00e9vues. Les valeurs seront comprises entre 16 et 32\u00b0C. Le matin, le vent va progressivement chasser la grisaille. Un vent de nord-est rafra\u00eechira l\u00e9g\u00e8rement l&rsquo;atmosph\u00e8re. Un beau soleil est attendu demain apr\u00e8s-midi. L&rsquo;\u00e9pisode de grosses chaleurs est bien l\u00e0, avec des temp\u00e9ratures qui risqueront d&rsquo;aller jusqu&rsquo;\u00e0 32\u00b0C. Les valeurs afficheront entre 19 et 32\u00b0C. De petites averses rendront la soir\u00e9e maussade. Les temp\u00e9ratures tourneront autour des 17\u00b0C. Un l\u00e9ger vent de sud soufflera.<\/p>\n<p>Une d\u00e9gradation est attendue pour les jours \u00e0 venir. Des temp\u00e9ratures dans les 19\u00b0C accompagneront un ciel pluvieux.<\/p>\n<p><\/p>\n","protected":false},"excerpt":{"rendered":"La journ\u00e9e qui s&rsquo;annonce \u00e0 Lyon, promet d&rsquo;\u00eatre belle et ensoleill\u00e9e ! Les temp\u00e9ratures s&rsquo;\u00e9chelonneront entre 17 et&hellip;\n","protected":false},"author":2,"featured_media":325861,"comment_status":"","ping_status":"","sticky":false,"template":"","format":"standard","meta":{"footnotes":""},"categories":[1889],"tags":[1111,11,2430,1777,674,1011,27,2428,12,2119,25,2429,2431],"class_list":{"0":"post-325860","1":"post","2":"type-post","3":"status-publish","4":"format-standard","5":"has-post-thumbnail","7":"category-lyon","8":"tag-actu","9":"tag-actualites","10":"tag-auvergne-rhone-alpes","11":"tag-eu","12":"tag-europe","13":"tag-fr","14":"tag-france","15":"tag-lyon","16":"tag-news","17":"tag-previsions-meteo","18":"tag-republique-francaise","19":"tag-rhone","20":"tag-rhone-alpes"},"share_on_mastodon":{"url":"https:\/\/pubeurope.com\/@fr\/115046728577962536","error":""},"_links":{"self":[{"href":"https:\/\/www.europesays.com\/fr\/wp-json\/wp\/v2\/posts\/325860","targetHints":{"allow":["GET"]}}],"collection":[{"href":"https:\/\/www.europesays.com\/fr\/wp-json\/wp\/v2\/posts"}],"about":[{"href":"https:\/\/www.europesays.com\/fr\/wp-json\/wp\/v2\/types\/post"}],"author":[{"embeddable":true,"href":"https:\/\/www.europesays.com\/fr\/wp-json\/wp\/v2\/users\/2"}],"replies":[{"embeddable":true,"href":"https:\/\/www.europesays.com\/fr\/wp-json\/wp\/v2\/comments?post=325860"}],"version-history":[{"count":0,"href":"https:\/\/www.europesays.com\/fr\/wp-json\/wp\/v2\/posts\/325860\/revisions"}],"wp:featuredmedia":[{"embeddable":true,"href":"https:\/\/www.europesays.com\/fr\/wp-json\/wp\/v2\/media\/325861"}],"wp:attachment":[{"href":"https:\/\/www.europesays.com\/fr\/wp-json\/wp\/v2\/media?parent=325860"}],"wp:term":[{"taxonomy":"category","embeddable":true,"href":"https:\/\/www.europesays.com\/fr\/wp-json\/wp\/v2\/categories?post=325860"},{"taxonomy":"post_tag","embeddable":true,"href":"https:\/\/www.europesays.com\/fr\/wp-json\/wp\/v2\/tags?post=325860"}],"curies":[{"name":"wp","href":"https:\/\/api.w.org\/{rel}","templated":true}]}}