{"id":325872,"date":"2025-08-17T23:42:11","date_gmt":"2025-08-17T23:42:11","guid":{"rendered":"https:\/\/www.europesays.com\/fr\/325872\/"},"modified":"2025-08-17T23:42:11","modified_gmt":"2025-08-17T23:42:11","slug":"en-direct-guerre-en-ukraine-des-frappes-russes-font-des-blesses-avant-les-discussions-a-la-maison-blanche","status":"publish","type":"post","link":"https:\/\/www.europesays.com\/fr\/325872\/","title":{"rendered":"En direct, guerre en Ukraine \u2013 Des frappes russes font des bless\u00e9s avant les discussions \u00e0 la Maison-Blanche"},"content":{"rendered":"<p>        01:10<\/p>\n<p>      Des frappes russes font 13 bless\u00e9s<\/p>\n<p>              <a tabindex=\"-1\" title=\"Le Temps avec l\u2019AFP\" href=\"https:\/\/www.letemps.ch\/profil\/le-temps-avec-l-afp\" rel=\"nofollow noopener\" target=\"_blank\"><\/p>\n<p>                    <img decoding=\"async\" src=\"https:\/\/www.europesays.com\/fr\/wp-content\/uploads\/2025\/04\/1744691829_537_small.jpeg\" class=\"lazy\" alt=\"\"\/><\/p>\n<p><\/a>        <\/p>\n<p>Les autorit\u00e9s ukrainiennes ont fait \u00e9tat \u00e0 la premi\u00e8re heure lundi de 13 bless\u00e9s dans des frappes russes sur Kharkiv et dans la r\u00e9gion de Soumy.<\/p>\n<p>Peu apr\u00e8s minuit, les autorit\u00e9s ukrainiennes ont rapport\u00e9 des attaques russes sur la grande ville de Kharkiv (est), proche de la fronti\u00e8re, ainsi que dans la r\u00e9gion de Soumy (nord-est), frontali\u00e8re de la Russie. \u00abLe nombre de bless\u00e9s a augment\u00e9, \u00e0 11\u00bb, a \u00e9crit sur Telegram le maire de Kharkiv, Igor Terekhov, apr\u00e8s un premier chiffre de 8 \u00e9voqu\u00e9 par le minist\u00e8re des Affaires int\u00e9rieures.<\/p>\n<p>A Soumy, le chef de l&rsquo;administration militaire r\u00e9gionale, Oleg Grygorov, a indiqu\u00e9 dans deux messages distincts que des frappes russes, avec une bombe puis un drone, avaient bless\u00e9 deux personnes: \u00abune femme de 57 ans (&#8230;) dans un \u00e9tat non grave\u00bb, et \u00abun chauffeur de 43 ans (&#8230;) transport\u00e9 \u00e0 l&rsquo;h\u00f4pital\u00bb.<\/p>\n<p>        01:10<\/p>\n<p>      Volodymyr Zelensky salue la d\u00e9cision \u00abhistorique\u00bb des Etats-Unis de vouloir apporter des garanties de s\u00e9curit\u00e9 \u00e0 l\u2019Ukraine<\/p>\n<p>              <a tabindex=\"-1\" title=\"Le Temps avec l\u2019AFP\" href=\"https:\/\/www.letemps.ch\/profil\/le-temps-avec-l-afp\" rel=\"nofollow noopener\" target=\"_blank\"><\/p>\n<p>                    <img decoding=\"async\" src=\"https:\/\/www.europesays.com\/fr\/wp-content\/uploads\/2025\/04\/1744691829_537_small.jpeg\" class=\"lazy\" alt=\"\"\/><\/p>\n<p><\/a>        <\/p>\n<p>Le pr\u00e9sident ukrainien Volodymyr Zelensky a estim\u00e9 dimanche que la \u00abd\u00e9cision\u00bb des Etats-Unis de fournir \u00e0 l\u2019Ukraine des \u00abgaranties de s\u00e9curit\u00e9\u00bb pour arr\u00eater la guerre avec la Russie \u00e9tait \u00abhistorique\u00bb, avant sa rencontre pr\u00e9vue lundi \u00e0 Washington avec Donald Trump.<\/p>\n<p>\u00abDes garanties de s\u00e9curit\u00e9s, comme r\u00e9sultats de notre travail commun, doivent vraiment \u00eatre tr\u00e8s pratiques, fournir une protection au sol et dans les airs, en mer, et doivent \u00eatre d\u00e9velopp\u00e9es avec la participation de l\u2019Europe\u00bb, a indiqu\u00e9 sur les r\u00e9seaux sociaux le pr\u00e9sident ukrainien, apr\u00e8s une r\u00e9union en visioconf\u00e9rence de la \u00abCoalition des volontaires\u00bb regroupant des alli\u00e9s de Kiev.<\/p>\n","protected":false},"excerpt":{"rendered":"01:10 Des frappes russes font 13 bless\u00e9s Les autorit\u00e9s ukrainiennes ont fait \u00e9tat \u00e0 la premi\u00e8re heure lundi&hellip;\n","protected":false},"author":2,"featured_media":325873,"comment_status":"","ping_status":"","sticky":false,"template":"","format":"standard","meta":{"footnotes":""},"categories":[1591],"tags":[11,75,73,1887,4438,12,1885,1886,132,220],"class_list":{"0":"post-325872","1":"post","2":"type-post","3":"status-publish","4":"format-standard","5":"has-post-thumbnail","7":"category-russie","8":"tag-actualites","9":"tag-donald-trump","10":"tag-etats-unis","11":"tag-federation-de-russie","12":"tag-free","13":"tag-news","14":"tag-russia","15":"tag-russian-federation","16":"tag-russie","17":"tag-ukraine"},"share_on_mastodon":{"url":"https:\/\/pubeurope.com\/@fr\/115046760119079623","error":""},"_links":{"self":[{"href":"https:\/\/www.europesays.com\/fr\/wp-json\/wp\/v2\/posts\/325872","targetHints":{"allow":["GET"]}}],"collection":[{"href":"https:\/\/www.europesays.com\/fr\/wp-json\/wp\/v2\/posts"}],"about":[{"href":"https:\/\/www.europesays.com\/fr\/wp-json\/wp\/v2\/types\/post"}],"author":[{"embeddable":true,"href":"https:\/\/www.europesays.com\/fr\/wp-json\/wp\/v2\/users\/2"}],"replies":[{"embeddable":true,"href":"https:\/\/www.europesays.com\/fr\/wp-json\/wp\/v2\/comments?post=325872"}],"version-history":[{"count":0,"href":"https:\/\/www.europesays.com\/fr\/wp-json\/wp\/v2\/posts\/325872\/revisions"}],"wp:featuredmedia":[{"embeddable":true,"href":"https:\/\/www.europesays.com\/fr\/wp-json\/wp\/v2\/media\/325873"}],"wp:attachment":[{"href":"https:\/\/www.europesays.com\/fr\/wp-json\/wp\/v2\/media?parent=325872"}],"wp:term":[{"taxonomy":"category","embeddable":true,"href":"https:\/\/www.europesays.com\/fr\/wp-json\/wp\/v2\/categories?post=325872"},{"taxonomy":"post_tag","embeddable":true,"href":"https:\/\/www.europesays.com\/fr\/wp-json\/wp\/v2\/tags?post=325872"}],"curies":[{"name":"wp","href":"https:\/\/api.w.org\/{rel}","templated":true}]}}